{"id":33899,"date":"2017-07-31T14:58:53","date_gmt":"2017-07-31T17:58:53","guid":{"rendered":"http:\/\/catolicanet.net\/wp-cnet\/?p=33899"},"modified":"2017-08-02T10:08:32","modified_gmt":"2017-08-02T13:08:32","slug":"venezuela-santa-se-acompanha-situacao-e-pede-saida-democratica","status":"publish","type":"post","link":"https:\/\/catolicanet.net\/wp-cnet\/venezuela-santa-se-acompanha-situacao-e-pede-saida-democratica\/","title":{"rendered":"Venezuela: Santa S\u00e9 acompanha situa\u00e7\u00e3o e pede sa\u00edda &#8220;democr\u00e1tica&#8221;"},"content":{"rendered":"<p style=\"text-align: justify;\">Igreja Cat\u00f3lica op\u00f4s-se \u00e0 convoca\u00e7\u00e3o de Assembleia Constituinte<\/p>\n<p>Cidade do Vaticano, 31 jul 2017 (Ecclesia) &#8211; A Santa S\u00e9 est\u00e1 a acompanhar a situa\u00e7\u00e3o na Venezuela, ap\u00f3s as elei\u00e7\u00f5es para a Assembleia Nacional Constituinte que decorreram este domingo, uma iniciativa do Governo contestadas pela Igreja Cat\u00f3lica no pa\u00eds.<\/p>\n<p>A R\u00e1dio Vaticano recorda as declara\u00e7\u00f5es do secret\u00e1rio de Estado, cardeal Pietro Parolin, que este s\u00e1bado apelou a uma solu\u00e7\u00e3o \u201cpac\u00edfica e democr\u00e1tica\u201d para a crise pol\u00edtica e social.<\/p>\n<p>\u201cO caminho \u00e9 sempre o mesmo: reunir-se, conversar &#8211; mas seriamente &#8211; para se encontrar um caminho de solu\u00e7\u00e3o\u201d, disse o secret\u00e1rio de Estado do Vaticano, antigo n\u00fancio apost\u00f3lico em Caracas.<\/p>\n<p>D. Pietro Parolin disse aos jornalistas que o Papa Francisco e a Secretaria de Estado se \u201cempenharam muito\u201d para procurar uma solu\u00e7\u00e3o para a crise na Venezuela, mas sublinhou que este \u00e9 um trabalho \u201cmuito delicado\u201d.<\/p>\n<p>A R\u00e1dio Vaticano fala ainda num regime \u201ccada vez mais isolado\u201d, no cen\u00e1rio internacional.<\/p>\n<p>A Confer\u00eancia Episcopal Venezuelana considerou esta iniciativa como \u201cinconstitucional, desnecess\u00e1ria e prejudicial\u201d para a popula\u00e7\u00e3o, considerando que a mesma s\u00f3 vai agravar os graves problemas \u201c da escassez de alimentos e medicamentos\u201d, entre outros.<\/p>\n<p>O Conselho Nacional Eleitoral da Venezuela anunciou hoje que mais de 8 milh\u00f5es de pessoas (41,5% dos eleitores) votaram no domingo nas elei\u00e7\u00f5es para a Assembleia Constituinte, promovida pelo presidente Nicolas Maduro.<\/p>\n<p>Pelo menos dez pessoas morreram, na sequ\u00eancia de confrontos, durante esta jornada eleitoral.<\/p>\n<p>O Minist\u00e9rio dos Neg\u00f3cios Estrangeiros de Portugal apelou, em comunicado, ao \u201cregresso \u00e0 normalidade constitucional\u201d, no quadro de \u201cum calend\u00e1rio eleitoral mutuamente acordado entre as partes\u201d.<\/p>\n<p style=\"text-align: justify;\">\n<p style=\"text-align: justify;\">Fonte: Ag\u00eancia Ecclesia<\/p>\n","protected":false},"excerpt":{"rendered":"<p>Igreja Cat\u00f3lica op\u00f4s-se \u00e0 convoca\u00e7\u00e3o de Assembleia Constituinte Cidade do Vaticano, 31 jul 2017 (Ecclesia) &#8211; A Santa S\u00e9 est\u00e1 a acompanhar a situa\u00e7\u00e3o na Venezuela, ap\u00f3s as elei\u00e7\u00f5es para a Assembleia Nacional Constituinte que decorreram este domingo, uma iniciativa do Governo contestadas pela Igreja Cat\u00f3lica no pa\u00eds. A R\u00e1dio Vaticano recorda as declara\u00e7\u00f5es do [&hellip;]<\/p>\n","protected":false},"author":1,"featured_media":33900,"comment_status":"open","ping_status":"closed","sticky":false,"template":"","format":"standard","meta":{"footnotes":""},"categories":[4],"tags":[],"class_list":["post-33899","post","type-post","status-publish","format-standard","has-post-thumbnail","hentry","category-cotidiano"],"_links":{"self":[{"href":"https:\/\/catolicanet.net\/wp-cnet\/wp-json\/wp\/v2\/posts\/33899","targetHints":{"allow":["GET"]}}],"collection":[{"href":"https:\/\/catolicanet.net\/wp-cnet\/wp-json\/wp\/v2\/posts"}],"about":[{"href":"https:\/\/catolicanet.net\/wp-cnet\/wp-json\/wp\/v2\/types\/post"}],"author":[{"embeddable":true,"href":"https:\/\/catolicanet.net\/wp-cnet\/wp-json\/wp\/v2\/users\/1"}],"replies":[{"embeddable":true,"href":"https:\/\/catolicanet.net\/wp-cnet\/wp-json\/wp\/v2\/comments?post=33899"}],"version-history":[{"count":1,"href":"https:\/\/catolicanet.net\/wp-cnet\/wp-json\/wp\/v2\/posts\/33899\/revisions"}],"predecessor-version":[{"id":33901,"href":"https:\/\/catolicanet.net\/wp-cnet\/wp-json\/wp\/v2\/posts\/33899\/revisions\/33901"}],"wp:featuredmedia":[{"embeddable":true,"href":"https:\/\/catolicanet.net\/wp-cnet\/wp-json\/wp\/v2\/media\/33900"}],"wp:attachment":[{"href":"https:\/\/catolicanet.net\/wp-cnet\/wp-json\/wp\/v2\/media?parent=33899"}],"wp:term":[{"taxonomy":"category","embeddable":true,"href":"https:\/\/catolicanet.net\/wp-cnet\/wp-json\/wp\/v2\/categories?post=33899"},{"taxonomy":"post_tag","embeddable":true,"href":"https:\/\/catolicanet.net\/wp-cnet\/wp-json\/wp\/v2\/tags?post=33899"}],"curies":[{"name":"wp","href":"https:\/\/api.w.org\/{rel}","templated":true}]}}