{"id":33874,"date":"2017-07-31T13:34:36","date_gmt":"2017-07-31T16:34:36","guid":{"rendered":"http:\/\/catolicanet.net\/wp-cnet\/?p=33874"},"modified":"2017-08-01T11:52:27","modified_gmt":"2017-08-01T14:52:27","slug":"papa-envia-carta-aos-jovens-brasileiros-que-participaram-projeto-rota-300","status":"publish","type":"post","link":"https:\/\/catolicanet.net\/wp-cnet\/papa-envia-carta-aos-jovens-brasileiros-que-participaram-projeto-rota-300\/","title":{"rendered":"Papa envia carta aos jovens brasileiros que participaram Projeto \u201cRota 300\u201d"},"content":{"rendered":"<p style=\"text-align: justify;\">O Papa Francisco enviou, uma carta aos jovens brasileiros no encerramento do projeto Rota 300, que encerrou dia 29 julho com uma grande festa no Santu\u00e1rio Nacional de Aparecida (SP). A iniciativa celebrou os 300 anos do encontro da imagem de Aparecida, no Rio Para\u00edba do Sul (SP).<\/p>\n<p>No texto, Francisco diz que Maria \u00e9 um sinal de esperan\u00e7a e que conhece os desafios vividos pelos jovens. Al\u00e9m disso, o papa estimula a juventude a seguir com o esp\u00edrito mission\u00e1rio.<\/p>\n<p>\u201cCaros amigos, em meio \u00e0s incertezas e inseguran\u00e7as de cada dia, em meio \u00e0 precariedade que as situa\u00e7\u00f5es de injusti\u00e7a criam ao redor de voc\u00eas, tenham uma certeza: Maria \u00e9 um sinal de esperan\u00e7a que lhes animar\u00e1 com um grande impulso mission\u00e1rio. Ela conhece os desafios em que voc\u00eas vivem. Com sua aten\u00e7\u00e3o e acompanhamento maternos, lhes far\u00e1 perceber que n\u00e3o est\u00e3o sozinhos\u201d.<\/p>\n<p>Leia a carta na \u00edntegra:<\/p>\n<p>Queridos jovens,<\/p>\n<p>Sa\u00fado afetuosamente a voc\u00eas, jovens do Brasil, reunidos em Aparecida para o encerramento do Projeto \u201cRota 300\u201d, nesse Ano Mariano que comemora os 300 anos do achado da imagem de Nossa Senhora nas \u00e1guas do Rio Para\u00edba do Sul.<\/p>\n<p>Para tal ocasi\u00e3o, gostaria de ressaltar um aspecto da Mensagem que lhes escrevi este ano, para a XXXII Jornada Mundial da Juventude: a Virgem Maria \u00e9 um precioso exemplo para a juventude e um aux\u00edlio na caminhada pela estrada da vida. Para que voc\u00eas possam perceber esta verdade, n\u00e3o s\u00e3o necess\u00e1rias grandes reflex\u00f5es; basta contemplar a imagem da M\u00e3e Aparecida, durante a peregrina\u00e7\u00e3o que far\u00e3o ao seu Santu\u00e1rio Nacional. Eu mesmo fiz essa experi\u00eancia, quando a\u00ed estive em 2007, por ocasi\u00e3o da V Confer\u00eancia do Episcopado Latino-americano e, depois em 2013, durante a JMJ no Rio de Janeiro.<\/p>\n<p>Pude ali descobrir no olhar terno e maternal da Virgem morena e nos olhos da gente simples que a contemplava, o segredo da esperan\u00e7a que move o povo brasileiro a enfrentar com f\u00e9 e coragem os desafios de cada dia. Pude tamb\u00e9m contemplar a for\u00e7a revolucion\u00e1ria de uma M\u00e3e carinhosa que move o cora\u00e7\u00e3o de seus filhos a sa\u00edrem de si mesmos com grande \u00edmpeto mission\u00e1rio, como ali\u00e1s voc\u00eas fizeram durante a semana mission\u00e1ria, que acabam de concluir no Vale do Para\u00edba. Parab\u00e9ns por este testemunho!<\/p>\n<p>Caros amigos, em meio \u00e0s incertezas e inseguran\u00e7as de cada dia, em meio \u00e0 precariedade que as situa\u00e7\u00f5es de injusti\u00e7a criam ao redor de voc\u00eas, tenham uma certeza: Maria \u00e9 um sinal de esperan\u00e7a que lhes animar\u00e1 com um grande impulso mission\u00e1rio. Ela conhece os desafios em que voc\u00eas vivem. Com sua aten\u00e7\u00e3o e acompanhamento maternos, lhes far\u00e1 perceber que n\u00e3o est\u00e3o sozinhos. Nesse sentido, vale a pena recordar a hist\u00f3ria daqueles pescadores pobres, que depois de uma pesca sem grandes resultados, no rio Para\u00edba do Sul, lan\u00e7aram mais uma vez as suas redes e foram surpreendidos com uma imagem partida de Nossa Senhora, coberta de lama. Primeiro acharam o corpo, logo em seguida a cabe\u00e7a. Como comentei aos Bispos brasileiros em 2013, o fato traz em si um simbolismo muito significativo: aquilo que estava dividido, volta \u00e0 unidade, como o cora\u00e7\u00e3o daqueles pescadores, como o pr\u00f3prio Brasil colonial, dividido pela escravid\u00e3o, que encontra sua unidade na f\u00e9 que aquela imagem negra de Nossa Senhora inspirava (cf. Discurso aos Bispos do Brasil, 27\/7\/2013). Por isso, convido a que voc\u00eas tamb\u00e9m deixem que seus cora\u00e7\u00f5es sejam transformados pelo encontro com Nossa M\u00e3e Aparecida. Que Ela transforme as \u201credes\u201d da vida de voc\u00eas \u2013 redes de amigos, redes socias, redes materiais e virtuais -, realidades que tantas vezes se encontram dividas, em algo mais significativo: que se convertam numa comunidade! Comunidades mission\u00e1rias \u201cem sa\u00edda\u201d! Comunidades que s\u00e3o luz e fermento de uma sociedade mais justa e fraterna.<\/p>\n<p>Assim integrados nas suas comunidades, n\u00e3o tenham medo de arriscar-se e comprometer-se na constru\u00e7\u00e3o de uma nova sociedade, permeando com a for\u00e7a do Evangelho os ambientes sociais, pol\u00edticos, econ\u00f4micos e universit\u00e1rios! N\u00e3o tenham medo de lutar contra a corrup\u00e7\u00e3o e n\u00e3o se deixem seduzir por ela! Confiantes no Senhor, cuja presen\u00e7a \u00e9 fonte de vida em abund\u00e2ncia, e sob o manto de Maria, voc\u00eas podem redescobrir a criatividade e a for\u00e7a para serem protagonistas de una cultura de alian\u00e7a e assim gerar novos paradigmas que venham a pautar a vida do Brasil (cf. Mensagem \u00e0 Assembleia do CELAM, 8\/5\/2017).<\/p>\n<p>Possa o Senhor, pela intercess\u00e3o da Virgem Aparecida, renovar em cada um de voc\u00eas a esperan\u00e7a e o esp\u00edrito mission\u00e1rio. Voc\u00eas s\u00e3o a esperan\u00e7a do Brasil e do mundo. E a novidade, da qual voc\u00eas s\u00e3o portadores, j\u00e1 come\u00e7a a construir-se hoje. Que Nossa Senhora, que em sua juventude soube abra\u00e7ar com coragem o chamado de Deus em sua vida e sair ao encontro dos mais necessitados, possa ir na frente de voc\u00eas, guiando-lhes em todos os seus caminhos! E para tal, lhes envio a cada um, extensiva aos seus familiares e amigos, a B\u00ean\u00e7\u00e3o Apost\u00f3lica, pedindo que, por favor, n\u00e3o deixem de rezar tamb\u00e9m por mim.<\/p>\n<p style=\"text-align: justify;\">Fonte: CNBB<\/p>\n","protected":false},"excerpt":{"rendered":"<p>O Papa Francisco enviou, uma carta aos jovens brasileiros no encerramento do projeto Rota 300, que encerrou dia 29 julho com uma grande festa no Santu\u00e1rio Nacional de Aparecida (SP). A iniciativa celebrou os 300 anos do encontro da imagem de Aparecida, no Rio Para\u00edba do Sul (SP). No texto, Francisco diz que Maria \u00e9 [&hellip;]<\/p>\n","protected":false},"author":1,"featured_media":33875,"comment_status":"open","ping_status":"closed","sticky":false,"template":"","format":"standard","meta":{"footnotes":""},"categories":[7],"tags":[],"class_list":["post-33874","post","type-post","status-publish","format-standard","has-post-thumbnail","hentry","category-cnbb"],"_links":{"self":[{"href":"https:\/\/catolicanet.net\/wp-cnet\/wp-json\/wp\/v2\/posts\/33874","targetHints":{"allow":["GET"]}}],"collection":[{"href":"https:\/\/catolicanet.net\/wp-cnet\/wp-json\/wp\/v2\/posts"}],"about":[{"href":"https:\/\/catolicanet.net\/wp-cnet\/wp-json\/wp\/v2\/types\/post"}],"author":[{"embeddable":true,"href":"https:\/\/catolicanet.net\/wp-cnet\/wp-json\/wp\/v2\/users\/1"}],"replies":[{"embeddable":true,"href":"https:\/\/catolicanet.net\/wp-cnet\/wp-json\/wp\/v2\/comments?post=33874"}],"version-history":[{"count":2,"href":"https:\/\/catolicanet.net\/wp-cnet\/wp-json\/wp\/v2\/posts\/33874\/revisions"}],"predecessor-version":[{"id":33877,"href":"https:\/\/catolicanet.net\/wp-cnet\/wp-json\/wp\/v2\/posts\/33874\/revisions\/33877"}],"wp:featuredmedia":[{"embeddable":true,"href":"https:\/\/catolicanet.net\/wp-cnet\/wp-json\/wp\/v2\/media\/33875"}],"wp:attachment":[{"href":"https:\/\/catolicanet.net\/wp-cnet\/wp-json\/wp\/v2\/media?parent=33874"}],"wp:term":[{"taxonomy":"category","embeddable":true,"href":"https:\/\/catolicanet.net\/wp-cnet\/wp-json\/wp\/v2\/categories?post=33874"},{"taxonomy":"post_tag","embeddable":true,"href":"https:\/\/catolicanet.net\/wp-cnet\/wp-json\/wp\/v2\/tags?post=33874"}],"curies":[{"name":"wp","href":"https:\/\/api.w.org\/{rel}","templated":true}]}}