{"id":3387,"date":"2013-11-11T16:10:48","date_gmt":"2013-11-11T18:10:48","guid":{"rendered":"http:\/\/catolicanet.net\/wp-cnet\/pesar-do-papa-pelo-falecimento-do-cardeal-bartolucci-com-sua-musica-elevou-os-coracoes-a-deus\/"},"modified":"2017-03-23T10:02:44","modified_gmt":"2017-03-23T13:02:44","slug":"pesar-do-papa-pelo-falecimento-do-cardeal-bartolucci-com-sua-musica-elevou-os-coracoes-a-deus","status":"publish","type":"post","link":"https:\/\/catolicanet.net\/wp-cnet\/pesar-do-papa-pelo-falecimento-do-cardeal-bartolucci-com-sua-musica-elevou-os-coracoes-a-deus\/","title":{"rendered":"Pesar do Papa pelo falecimento do Cardeal Bartolucci: com sua m\u00fasica elevou os cora\u00e7\u00f5es a Deus"},"content":{"rendered":"<p style=\"text-align: justify;\"><img decoding=\"async\" src=\"http:\/\/catolicanet.com.br\/images\/stories\/cardeal bartolucci.jpg\" border=\"0\" align=\"left\" \/>&#8220;Caro e estimado sacerdote, ilustre compositor e musicista.&#8221; Com essas palavras, o Papa Francisco recorda, num telegrama de &#8220;profundo pesar&#8221;, o falecimento, aos 96 anos, do Cardeal Domenico Bartolucci, ocorrido nesta segunda-feira, em Roma.<\/p>\n<p>Recordando tamb\u00e9m o encargo de diretor da Capela Musical Pontif\u00edcia Sistina, desempenhado ininterruptamente pelo purpurado de 1956 a 1997, o Papa ressalta o minist\u00e9rio exercido pelo Cardeal Bartolucci mediante a m\u00fasica sacra e, em particular, &#8220;a valoriza\u00e7\u00e3o sapiente do precioso tesouro da polifonia, voltada a elevar o cora\u00e7\u00e3o no louvor a Deus&#8221;.<\/p>\n<p>As ex\u00e9quias do purpurado ser\u00e3o celebradas esta quarta-feira, \u00e0s 15h30 locais, na Bas\u00edlica de S\u00e3o Pedro, presididas pelo decano do Col\u00e9gio cardinal\u00edcio, Cardeal Angelo Sodano. Ao t\u00e9rmino, o Papa Francisco presidira ao rito da \u00daltima encomenda\u00e7\u00e3o e Despedida.<\/p>\n<p style=\"text-align: justify;\">\u00a0<\/p>\n<p style=\"text-align: justify;\"><strong>Local: Cidade do Vaticano<br \/>Fonte: R\u00e1dio Vaticano<\/strong><\/p>\n","protected":false},"excerpt":{"rendered":"<p>&#8220;Caro e estimado sacerdote, ilustre compositor e musicista.&#8221; Com essas palavras, o Papa Francisco recorda, num telegrama de &#8220;profundo pesar&#8221;, o falecimento, aos 96 anos, do Cardeal Domenico Bartolucci, ocorrido nesta segunda-feira, em Roma. Recordando tamb\u00e9m o encargo de diretor da Capela Musical Pontif\u00edcia Sistina, desempenhado ininterruptamente pelo purpurado de 1956 a 1997, o Papa [&hellip;]<\/p>\n","protected":false},"author":1,"featured_media":0,"comment_status":"closed","ping_status":"closed","sticky":false,"template":"","format":"standard","meta":{"footnotes":""},"categories":[3],"tags":[],"class_list":["post-3387","post","type-post","status-publish","format-standard","hentry","category-vaticano"],"_links":{"self":[{"href":"https:\/\/catolicanet.net\/wp-cnet\/wp-json\/wp\/v2\/posts\/3387","targetHints":{"allow":["GET"]}}],"collection":[{"href":"https:\/\/catolicanet.net\/wp-cnet\/wp-json\/wp\/v2\/posts"}],"about":[{"href":"https:\/\/catolicanet.net\/wp-cnet\/wp-json\/wp\/v2\/types\/post"}],"author":[{"embeddable":true,"href":"https:\/\/catolicanet.net\/wp-cnet\/wp-json\/wp\/v2\/users\/1"}],"replies":[{"embeddable":true,"href":"https:\/\/catolicanet.net\/wp-cnet\/wp-json\/wp\/v2\/comments?post=3387"}],"version-history":[{"count":1,"href":"https:\/\/catolicanet.net\/wp-cnet\/wp-json\/wp\/v2\/posts\/3387\/revisions"}],"predecessor-version":[{"id":7486,"href":"https:\/\/catolicanet.net\/wp-cnet\/wp-json\/wp\/v2\/posts\/3387\/revisions\/7486"}],"wp:attachment":[{"href":"https:\/\/catolicanet.net\/wp-cnet\/wp-json\/wp\/v2\/media?parent=3387"}],"wp:term":[{"taxonomy":"category","embeddable":true,"href":"https:\/\/catolicanet.net\/wp-cnet\/wp-json\/wp\/v2\/categories?post=3387"},{"taxonomy":"post_tag","embeddable":true,"href":"https:\/\/catolicanet.net\/wp-cnet\/wp-json\/wp\/v2\/tags?post=3387"}],"curies":[{"name":"wp","href":"https:\/\/api.w.org\/{rel}","templated":true}]}}