{"id":33857,"date":"2017-07-31T10:48:08","date_gmt":"2017-07-31T13:48:08","guid":{"rendered":"http:\/\/catolicanet.net\/wp-cnet\/?p=33857"},"modified":"2017-08-01T11:11:54","modified_gmt":"2017-08-01T14:11:54","slug":"papa-faz-um-chamado-a-acabar-com-chaga-aberrante-do-trafico-de-pessoas","status":"publish","type":"post","link":"https:\/\/catolicanet.net\/wp-cnet\/papa-faz-um-chamado-a-acabar-com-chaga-aberrante-do-trafico-de-pessoas\/","title":{"rendered":"Papa faz um chamado a acabar com \u201cchaga aberrante\u201d do tr\u00e1fico de pessoas"},"content":{"rendered":"<p style=\"text-align: justify;\">Vaticano, 31 Jul. 17 \/ 09:15 am (ACI).- O Papa Francisco fez um chamado a aplacar a \u201cchaga aberrante\u201d e \u201cforma de escravid\u00e3o moderna\u201d do tr\u00e1fico de pessoas, por ocasi\u00e3o do Dia Mundial contra o Tr\u00e1fico de Pessoas, comemorado no domingo, 30 de julho.<\/p>\n<p style=\"text-align: justify;\">Ao concluir a ora\u00e7\u00e3o do \u00c2ngelus, diante de milhares de fi\u00e9is e peregrinos reunidos na Pra\u00e7a de S\u00e3o Pedro, o Papa recordou que ontem foi \u201co Dia Mundial contra o Tr\u00e1fico de Pessoas, promovido pelas Na\u00e7\u00f5es Unidas\u201d, e lamentou que, \u201ctodos os ano, milhares de homens, mulheres e crian\u00e7as s\u00e3o v\u00edtimas inocentes da explora\u00e7\u00e3o laboral e sexual e do tr\u00e1fico de \u00f3rg\u00e3os. Parece que todos nos acostumamos a isso\u201d.<\/p>\n<p style=\"text-align: justify;\">\u201cMas \u00e9 cruel, \u00e9 criminoso\u201d, alertou.<\/p>\n<p style=\"text-align: justify;\">A Organiza\u00e7\u00e3o das Na\u00e7\u00f5es Unidas (ONU), com base em cifras da Organiza\u00e7\u00e3o Internacional do Trabalho, estima que 21 milh\u00f5es de pessoas s\u00e3o v\u00edtimas de trabalhos for\u00e7ados a n\u00edvel mundial.<\/p>\n<p style=\"text-align: justify;\">Em dezembro de 2013, a Assembleia Geral da ONU aprovou um s\u00e9rie de medidas para combater o tr\u00e1fico de pessoas e instituiu o dia 30 de julho de cada ano como o Dia Mundial contra o Tr\u00e1fico de Pessoas.<\/p>\n<p style=\"text-align: justify;\">O Papa Francisco assinalou ontem que deseja \u201cpedir o empenho de todos para que esta chaga aberrante, forma de escravid\u00e3o moderna, seja adequadamente combatida\u201d.<\/p>\n<p style=\"text-align: justify;\">\u201cRezemos juntos a Nossa Senhora para que ampare as v\u00edtimas do tr\u00e1fico e converta os cora\u00e7\u00f5es dos traficantes\u201d, finalizou.<\/p>\n<p style=\"text-align: justify;\">Fonte: Acidigtal<\/p>\n","protected":false},"excerpt":{"rendered":"<p>Vaticano, 31 Jul. 17 \/ 09:15 am (ACI).- O Papa Francisco fez um chamado a aplacar a \u201cchaga aberrante\u201d e \u201cforma de escravid\u00e3o moderna\u201d do tr\u00e1fico de pessoas, por ocasi\u00e3o do Dia Mundial contra o Tr\u00e1fico de Pessoas, comemorado no domingo, 30 de julho. Ao concluir a ora\u00e7\u00e3o do \u00c2ngelus, diante de milhares de fi\u00e9is [&hellip;]<\/p>\n","protected":false},"author":1,"featured_media":33859,"comment_status":"open","ping_status":"closed","sticky":false,"template":"","format":"standard","meta":{"footnotes":""},"categories":[4],"tags":[],"class_list":["post-33857","post","type-post","status-publish","format-standard","has-post-thumbnail","hentry","category-cotidiano"],"_links":{"self":[{"href":"https:\/\/catolicanet.net\/wp-cnet\/wp-json\/wp\/v2\/posts\/33857","targetHints":{"allow":["GET"]}}],"collection":[{"href":"https:\/\/catolicanet.net\/wp-cnet\/wp-json\/wp\/v2\/posts"}],"about":[{"href":"https:\/\/catolicanet.net\/wp-cnet\/wp-json\/wp\/v2\/types\/post"}],"author":[{"embeddable":true,"href":"https:\/\/catolicanet.net\/wp-cnet\/wp-json\/wp\/v2\/users\/1"}],"replies":[{"embeddable":true,"href":"https:\/\/catolicanet.net\/wp-cnet\/wp-json\/wp\/v2\/comments?post=33857"}],"version-history":[{"count":3,"href":"https:\/\/catolicanet.net\/wp-cnet\/wp-json\/wp\/v2\/posts\/33857\/revisions"}],"predecessor-version":[{"id":33862,"href":"https:\/\/catolicanet.net\/wp-cnet\/wp-json\/wp\/v2\/posts\/33857\/revisions\/33862"}],"wp:featuredmedia":[{"embeddable":true,"href":"https:\/\/catolicanet.net\/wp-cnet\/wp-json\/wp\/v2\/media\/33859"}],"wp:attachment":[{"href":"https:\/\/catolicanet.net\/wp-cnet\/wp-json\/wp\/v2\/media?parent=33857"}],"wp:term":[{"taxonomy":"category","embeddable":true,"href":"https:\/\/catolicanet.net\/wp-cnet\/wp-json\/wp\/v2\/categories?post=33857"},{"taxonomy":"post_tag","embeddable":true,"href":"https:\/\/catolicanet.net\/wp-cnet\/wp-json\/wp\/v2\/tags?post=33857"}],"curies":[{"name":"wp","href":"https:\/\/api.w.org\/{rel}","templated":true}]}}