{"id":33854,"date":"2017-07-31T10:07:14","date_gmt":"2017-07-31T13:07:14","guid":{"rendered":"http:\/\/catolicanet.net\/wp-cnet\/?p=33854"},"modified":"2017-08-01T10:47:56","modified_gmt":"2017-08-01T13:47:56","slug":"fotos-criancas-com-cancer-recebem-sua-primeira-comunhao-em-hospital-do-paraguai","status":"publish","type":"post","link":"https:\/\/catolicanet.net\/wp-cnet\/fotos-criancas-com-cancer-recebem-sua-primeira-comunhao-em-hospital-do-paraguai\/","title":{"rendered":"FOTOS: Crian\u00e7as com c\u00e2ncer recebem sua Primeira Comunh\u00e3o em hospital do Paraguai"},"content":{"rendered":"<p style=\"text-align: justify;\">Oito crian\u00e7as do setor de oncologia do Instituto Previd\u00eancia Social (IPS), em Assun\u00e7\u00e3o, Paraguai, receberam com imensa alegria os sacramentos da Primeira Comunh\u00e3o e Crisma, demonstrando assim que, apesar da doen\u00e7a e da dor, \u201co amor de Deus se manifesta no sorriso de cada um deles\u201d.<\/p>\n<p>A celebra\u00e7\u00e3o aconteceu no dia 20 de julho, na festa do Divino Ni\u00f1o (Menino Divino) e na companhia das fam\u00edlias, equipes m\u00e9dicas e membros da Par\u00f3quia Pessoal da Sa\u00fade \u201cS\u00e3o Pio de Pietrelcina\u201d, da Pastoral da Sa\u00fade arquidiocesana.<\/p>\n<p>Gabriela Larr\u00e9 \u00e9 uma das catequistas que preparou as crian\u00e7as entre 8 e 16 anos, durante dois meses e meio, ajustando suas visitas aos tempos em que as crian\u00e7as estavam internadas.<\/p>\n<p>Ela conversou com o Grupo ACI sobre o \u201cprivil\u00e9gio\u201d de realizar este trabalho pastoral e manifestou que \u201celes se prepararam por vontade pr\u00f3pria, buscavam Deus, encontrar a esperan\u00e7a, saber que h\u00e1 algu\u00e9m superior que os ama e os espera n\u00e3o importa como estejam: com ou sem cabelo, limpos, sujos, Deus sempre est\u00e1 l\u00e1 para eles\u201d.<\/p>\n<p>\u201cMais do que levar apenas um sacramento, \u00e9 uma necessidade urgente a evangeliza\u00e7\u00e3o di\u00e1ria. \u00c9 um objetivo por dia como entregar-lhes carinho, que conhe\u00e7am Deus, acompanha-los, fazer com que corriam, perguntar o que eles queriam no dia a dia\u201d, assegurou.<\/p>\n<p>Gabriela se sentiu surpreendida, porque as crian\u00e7as manifestavam a necessidade de \u201cmuito afeto, ternura e companhia, porque muitos deles j\u00e1 n\u00e3o podem ir ao col\u00e9gio, fazer esporte ou atividades da vida cotidiana. Eles enfrentam n\u00e3o apenas a morte, mas tamb\u00e9m perdas como o cabelo, a vis\u00e3o, os dedos, cada dia perdem algo\u201d.<\/p>\n<p>Pe. Miguel Ortigoza, p\u00e1roco e capel\u00e3o da Par\u00f3quia Pessoal da Sa\u00fade \u201cS\u00e3o Pio de Pietrelcina\u201d, explicou que desde a cria\u00e7\u00e3o da par\u00f3quia, em 11 de fevereiro de 2016, acompanhou pacientes, familiares e o pessoal do hospital, celebrando Missas e ministrando a Un\u00e7\u00e3o dos Enfermos, atendendo confiss\u00f5es, fazendo batismos de urg\u00eancias.<\/p>\n<p>Nesse sentido, a celebra\u00e7\u00e3o dos sacramentos das crian\u00e7as com c\u00e2ncer, na capela Maria M\u00e3e da Igreja, localizada no interior do hospital, foi o primeiro deste tipo.<\/p>\n<p>O sacerdote presidiu a Eucaristia e disse que \u201cfoi uma viv\u00eancia de f\u00e9 bastante forte e alegre para todos, mais ainda vendo os olhos das crian\u00e7as que, cheios de luz e de amor, recebiam Jesus Sacramentado\u201d.<\/p>\n<p>Isso nasceu de um \u201cdesejo das pr\u00f3prias crian\u00e7as que passam tempo internadas no setor oncol\u00f3gico, n\u00e3o podendo realizar um caminhar de f\u00e9 em suas pr\u00f3prias comunidades\u201d.<\/p>\n<p>\u201cAssim, surgiu a preocupa\u00e7\u00e3o dos pr\u00f3prios profissionais da sa\u00fade que cuidam deles, m\u00e9dicas, enfermeiras, psic\u00f3logas, professoras e assistentes sociais, de lhes dar a possibilidade para celebrar este encontro Eucar\u00edstico\u201d, explicou.<\/p>\n<p>O sacerdote tamb\u00e9m recordou as crian\u00e7as e adolescente \u201cque n\u00e3o puderam estar por motivos alheios a sua vontade e outros que chegaram n\u00e3o chegaram ao dia da festa Sacramental, pois se adiantaram ao encontro pleno com o Senhor na grande festa do c\u00e9u\u201d.<\/p>\n<p>Tanto Gabriela como o sacerdote destacaram a solidariedade do pessoal do hospital, aos quais chamam \u201cPastoral de Pediatria\u201d, que apoiou e ajudou na bela celebra\u00e7\u00e3o e que \u201cassumiram o desafio no setor de oncologia, de seguir em frente e ser uma m\u00e3o de ajuda para a Pastoral da Sa\u00fade Arquidiocesana\u201d, afirmou Pe. Ortigoza.<\/p>\n<p>\u201cEsses encontros, especialmente com as crian\u00e7as, s\u00e3o uma grande catequese para n\u00f3s mesmos, porque nos chama a nos deixarmos transformar pelos pequenos. Desejamos que esta Pastoral da Sa\u00fade na Arquidiocese continue crescendo paulatinamente, sendo presen\u00e7a viva da Igreja como uma pastoral humanizadora e evangelizadora, tocando a carne do Cristo que sofre\u201d, finalizou o capel\u00e3o.<\/p>\n<p style=\"text-align: justify;\">\n<p style=\"text-align: justify;\">Fonte: Acidigital<\/p>\n","protected":false},"excerpt":{"rendered":"<p>Oito crian\u00e7as do setor de oncologia do Instituto Previd\u00eancia Social (IPS), em Assun\u00e7\u00e3o, Paraguai, receberam com imensa alegria os sacramentos da Primeira Comunh\u00e3o e Crisma, demonstrando assim que, apesar da doen\u00e7a e da dor, \u201co amor de Deus se manifesta no sorriso de cada um deles\u201d. A celebra\u00e7\u00e3o aconteceu no dia 20 de julho, na [&hellip;]<\/p>\n","protected":false},"author":1,"featured_media":0,"comment_status":"open","ping_status":"closed","sticky":false,"template":"","format":"standard","meta":{"footnotes":""},"categories":[4],"tags":[],"class_list":["post-33854","post","type-post","status-publish","format-standard","hentry","category-cotidiano"],"_links":{"self":[{"href":"https:\/\/catolicanet.net\/wp-cnet\/wp-json\/wp\/v2\/posts\/33854","targetHints":{"allow":["GET"]}}],"collection":[{"href":"https:\/\/catolicanet.net\/wp-cnet\/wp-json\/wp\/v2\/posts"}],"about":[{"href":"https:\/\/catolicanet.net\/wp-cnet\/wp-json\/wp\/v2\/types\/post"}],"author":[{"embeddable":true,"href":"https:\/\/catolicanet.net\/wp-cnet\/wp-json\/wp\/v2\/users\/1"}],"replies":[{"embeddable":true,"href":"https:\/\/catolicanet.net\/wp-cnet\/wp-json\/wp\/v2\/comments?post=33854"}],"version-history":[{"count":1,"href":"https:\/\/catolicanet.net\/wp-cnet\/wp-json\/wp\/v2\/posts\/33854\/revisions"}],"predecessor-version":[{"id":33855,"href":"https:\/\/catolicanet.net\/wp-cnet\/wp-json\/wp\/v2\/posts\/33854\/revisions\/33855"}],"wp:attachment":[{"href":"https:\/\/catolicanet.net\/wp-cnet\/wp-json\/wp\/v2\/media?parent=33854"}],"wp:term":[{"taxonomy":"category","embeddable":true,"href":"https:\/\/catolicanet.net\/wp-cnet\/wp-json\/wp\/v2\/categories?post=33854"},{"taxonomy":"post_tag","embeddable":true,"href":"https:\/\/catolicanet.net\/wp-cnet\/wp-json\/wp\/v2\/tags?post=33854"}],"curies":[{"name":"wp","href":"https:\/\/api.w.org\/{rel}","templated":true}]}}