{"id":3385,"date":"2013-11-11T15:43:12","date_gmt":"2013-11-11T17:43:12","guid":{"rendered":"http:\/\/catolicanet.net\/wp-cnet\/bispos-de-eua-inglaterra-e-portugal-reunidos-em-plenaria\/"},"modified":"2017-03-23T10:11:11","modified_gmt":"2017-03-23T13:11:11","slug":"bispos-de-eua-inglaterra-e-portugal-reunidos-em-plenaria","status":"publish","type":"post","link":"https:\/\/catolicanet.net\/wp-cnet\/bispos-de-eua-inglaterra-e-portugal-reunidos-em-plenaria\/","title":{"rendered":"Bispos de EUA, Inglaterra e Portugal reunidos em Plen\u00e1ria"},"content":{"rendered":"<p style=\"text-align: justify;\"><img decoding=\"async\" src=\"http:\/\/catolicanet.com.br\/images\/stories\/bisposreunidosemplenaria.jpg\" border=\"0\" align=\"left\" \/>Nesta segunda-feira, os bispos de tr\u00eas Confer\u00eancias Episcopais se re\u00fanem para suas Assembleias Plen\u00e1rias.<\/p>\n<p>Em Leeds, os Bispos de Inglaterra e Gales debatem esta semana temas como o impacto da nova legisla\u00e7\u00e3o que permite o matrim\u00f4nio entre pessoas do mesmo sexo, o encerramento do Ano da F\u00e9 e os cortes do governo que podem afetar o trabalho dos capel\u00e3es nas pris\u00f5es e nos hospitais. Ainda na agenda do encontro, est\u00e3o o relat\u00f3rio da comiss\u00e3o sobre os abusos contra menores e o discurso do N\u00fancio Apost\u00f3lico, Dom Antonio Mennini.<\/p>\n<p>J\u00e1 em Baltimore, os Bispos eleger\u00e3o a nova presid\u00eancia da Confer\u00eancia Episcopal dos Estados Unidos. Al\u00e9m disso, os prelados votar\u00e3o a aprova\u00e7\u00e3o do balan\u00e7o preventivo de 2014, a tradu\u00e7\u00e3o espanhola e inglesa de alguns textos lit\u00fargicos e a proposta para a elabora\u00e7\u00e3o de uma declara\u00e7\u00e3o sobre a pornografia. Entre os temas em discuss\u00e3o, est\u00e3o a tutela da vida, do matrim\u00f4nio e da liberdade religiosa.<\/p>\n<p>Em F\u00e1tima, o trabalho e a ideologia de g\u00eanero estar\u00e3o na pauta da Assembleia Plen\u00e1ria da Confer\u00eancia Episcopal Portuguesa (CEP).<\/p>\n<p>Os bispos v\u00e3o discutir uma carta pastoral intitulada \u2018Vis\u00e3o crist\u00e3 da sexualidade. A prop\u00f3sito da ideologia do g\u00eanero\u2019 e uma nota sobre o tema \u2018Desafios \u00e9ticos do trabalho humano\u2019.<\/p>\n<p>Os trabalhos incluem uma reflex\u00e3o sobre \u201co servi\u00e7o da caridade\u201d, informa\u00e7\u00f5es relativas ao Observat\u00f3rio Social da Igreja e ao S\u00ednodo dos Bispos sobre a Fam\u00edlia, marcado para outubro de 2014. Na agenda dos bispos, estar\u00e1 ainda a prepara\u00e7\u00e3o das Jornadas Pastorais do Episcopado (junho de 2014).<\/p>\n<p style=\"text-align: justify;\"><strong><br \/><\/strong><\/p>\n<p style=\"text-align: justify;\"><strong>Local: Leeds<br \/>Fonte: R\u00e1dio Vaticano <\/strong><\/p>\n","protected":false},"excerpt":{"rendered":"<p>Nesta segunda-feira, os bispos de tr\u00eas Confer\u00eancias Episcopais se re\u00fanem para suas Assembleias Plen\u00e1rias. Em Leeds, os Bispos de Inglaterra e Gales debatem esta semana temas como o impacto da nova legisla\u00e7\u00e3o que permite o matrim\u00f4nio entre pessoas do mesmo sexo, o encerramento do Ano da F\u00e9 e os cortes do governo que podem afetar [&hellip;]<\/p>\n","protected":false},"author":1,"featured_media":0,"comment_status":"closed","ping_status":"closed","sticky":false,"template":"","format":"standard","meta":{"footnotes":""},"categories":[3],"tags":[],"class_list":["post-3385","post","type-post","status-publish","format-standard","hentry","category-vaticano"],"_links":{"self":[{"href":"https:\/\/catolicanet.net\/wp-cnet\/wp-json\/wp\/v2\/posts\/3385","targetHints":{"allow":["GET"]}}],"collection":[{"href":"https:\/\/catolicanet.net\/wp-cnet\/wp-json\/wp\/v2\/posts"}],"about":[{"href":"https:\/\/catolicanet.net\/wp-cnet\/wp-json\/wp\/v2\/types\/post"}],"author":[{"embeddable":true,"href":"https:\/\/catolicanet.net\/wp-cnet\/wp-json\/wp\/v2\/users\/1"}],"replies":[{"embeddable":true,"href":"https:\/\/catolicanet.net\/wp-cnet\/wp-json\/wp\/v2\/comments?post=3385"}],"version-history":[{"count":1,"href":"https:\/\/catolicanet.net\/wp-cnet\/wp-json\/wp\/v2\/posts\/3385\/revisions"}],"predecessor-version":[{"id":7488,"href":"https:\/\/catolicanet.net\/wp-cnet\/wp-json\/wp\/v2\/posts\/3385\/revisions\/7488"}],"wp:attachment":[{"href":"https:\/\/catolicanet.net\/wp-cnet\/wp-json\/wp\/v2\/media?parent=3385"}],"wp:term":[{"taxonomy":"category","embeddable":true,"href":"https:\/\/catolicanet.net\/wp-cnet\/wp-json\/wp\/v2\/categories?post=3385"},{"taxonomy":"post_tag","embeddable":true,"href":"https:\/\/catolicanet.net\/wp-cnet\/wp-json\/wp\/v2\/tags?post=3385"}],"curies":[{"name":"wp","href":"https:\/\/api.w.org\/{rel}","templated":true}]}}