{"id":3384,"date":"2013-11-11T15:21:52","date_gmt":"2013-11-11T17:21:52","guid":{"rendered":"http:\/\/catolicanet.net\/wp-cnet\/filipinas-papa-francisco-envia-ajuda-para-as-vitimas-do-tufao-haiyan\/"},"modified":"2017-03-23T10:11:53","modified_gmt":"2017-03-23T13:11:53","slug":"filipinas-papa-francisco-envia-ajuda-para-as-vitimas-do-tufao-haiyan","status":"publish","type":"post","link":"https:\/\/catolicanet.net\/wp-cnet\/filipinas-papa-francisco-envia-ajuda-para-as-vitimas-do-tufao-haiyan\/","title":{"rendered":"Filipinas: Papa Francisco envia ajuda para as v\u00edtimas do tuf\u00e3o Haiyan"},"content":{"rendered":"<p style=\"text-align: justify;\">O Papa Francisco enviou 150 mil d\u00f3lares, atrav\u00e9s do Pontif\u00edcio Conselho Cor Unum, para ajudar as v\u00edtimas do tuf\u00e3o Haiyan que atingiu as Filipinas, na \u00faltima sexta-feira.<\/p>\n<p>A tormenta matou pelo menos 10 mil pessoas, v\u00edtimas de afogamento, deslizamentos de terra e desmoronamentos de casas e edif\u00edcios, em particular nas ilhas de Leyte e Samar.<\/p>\n<p>Em Tacloban, cidade situada na ilha de Leyte, a tormenta deixou uma paisagem de destrui\u00e7\u00e3o total, ap\u00f3s atingir a cidade com rajadas de vento de at\u00e9 315 km\/h e provocar ondas de at\u00e9 6 metros de altura.<\/p>\n<p>A soma enviada pelo Santo Padre ser\u00e1 distribu\u00edda pela Igreja local nas regi\u00f5es mais afetadas pelo tuf\u00e3o, a fim de ajudar nos trabalhos de assist\u00eancia aos deslocados e afetados pelas inunda\u00e7\u00f5es.<\/p>\n<p>Com esse gesto, o Papa Francisco manifesta concretamente seu sentimento de proximidade espiritual e paternal, al\u00e9m de encorajar as pessoas e territ\u00f3rios devastados pelas enchentes.<\/p>\n<p style=\"text-align: justify;\">\u00a0<\/p>\n<p style=\"text-align: justify;\"><strong>Local: Cidade do Vaticano<br \/>Fonte: R\u00e1dio Vaticano<\/strong><\/p>\n","protected":false},"excerpt":{"rendered":"<p>O Papa Francisco enviou 150 mil d\u00f3lares, atrav\u00e9s do Pontif\u00edcio Conselho Cor Unum, para ajudar as v\u00edtimas do tuf\u00e3o Haiyan que atingiu as Filipinas, na \u00faltima sexta-feira. A tormenta matou pelo menos 10 mil pessoas, v\u00edtimas de afogamento, deslizamentos de terra e desmoronamentos de casas e edif\u00edcios, em particular nas ilhas de Leyte e Samar. [&hellip;]<\/p>\n","protected":false},"author":1,"featured_media":0,"comment_status":"closed","ping_status":"closed","sticky":false,"template":"","format":"standard","meta":{"footnotes":""},"categories":[3],"tags":[],"class_list":["post-3384","post","type-post","status-publish","format-standard","hentry","category-vaticano"],"_links":{"self":[{"href":"https:\/\/catolicanet.net\/wp-cnet\/wp-json\/wp\/v2\/posts\/3384","targetHints":{"allow":["GET"]}}],"collection":[{"href":"https:\/\/catolicanet.net\/wp-cnet\/wp-json\/wp\/v2\/posts"}],"about":[{"href":"https:\/\/catolicanet.net\/wp-cnet\/wp-json\/wp\/v2\/types\/post"}],"author":[{"embeddable":true,"href":"https:\/\/catolicanet.net\/wp-cnet\/wp-json\/wp\/v2\/users\/1"}],"replies":[{"embeddable":true,"href":"https:\/\/catolicanet.net\/wp-cnet\/wp-json\/wp\/v2\/comments?post=3384"}],"version-history":[{"count":1,"href":"https:\/\/catolicanet.net\/wp-cnet\/wp-json\/wp\/v2\/posts\/3384\/revisions"}],"predecessor-version":[{"id":7489,"href":"https:\/\/catolicanet.net\/wp-cnet\/wp-json\/wp\/v2\/posts\/3384\/revisions\/7489"}],"wp:attachment":[{"href":"https:\/\/catolicanet.net\/wp-cnet\/wp-json\/wp\/v2\/media?parent=3384"}],"wp:term":[{"taxonomy":"category","embeddable":true,"href":"https:\/\/catolicanet.net\/wp-cnet\/wp-json\/wp\/v2\/categories?post=3384"},{"taxonomy":"post_tag","embeddable":true,"href":"https:\/\/catolicanet.net\/wp-cnet\/wp-json\/wp\/v2\/tags?post=3384"}],"curies":[{"name":"wp","href":"https:\/\/api.w.org\/{rel}","templated":true}]}}