{"id":33838,"date":"2017-07-28T16:54:52","date_gmt":"2017-07-28T19:54:52","guid":{"rendered":"http:\/\/catolicanet.net\/wp-cnet\/?p=33838"},"modified":"2017-08-01T10:10:44","modified_gmt":"2017-08-01T13:10:44","slug":"arquidiocese-italiana-de-genova-restituira-visita-do-papa-francisco","status":"publish","type":"post","link":"https:\/\/catolicanet.net\/wp-cnet\/arquidiocese-italiana-de-genova-restituira-visita-do-papa-francisco\/","title":{"rendered":"Arquidiocese italiana de G\u00eanova restituir\u00e1 visita do Papa Francisco"},"content":{"rendered":"<p style=\"text-align: justify;\">Cidade do Vaticano (RV) &#8211; A Arquidiocese de G\u00eanova est\u00e1 organizando uma peregrina\u00e7\u00e3o para restituir a visita que o Papa Francisco fez em 27 de maio passado \u00e0 capital da regi\u00e3o italiana da Lig\u00faria. Os genoveses estar\u00e3o em Roma e no Vaticano nos dias 21 e 22 de novembro pr\u00f3ximo acompanhados de seu arcebispo, o Cardeal Angelo Bagnasco.<\/p>\n<p>Em particular, na quarta-feira, dia 22, participar\u00e3o da audi\u00eancia geral na Pra\u00e7a S\u00e3o Pedro, o habitual encontro do Papa com fi\u00e9is e peregrinos. Um setor da pra\u00e7a estar\u00e1 reservado para eles, com assentos garantidos.<\/p>\n<p>Os peregrinos chegar\u00e3o a Roma no in\u00edcio da tarde da ter\u00e7a-feira, dia 21, na qual visitar\u00e3o algumas obras de Caravaggio mediante um itiner\u00e1rio nas antigas igrejas do centro da capital italiana: da \u201cChiesa del Ges\u00f9\u201d \u2013 Igreja m\u00e3e da Companhia de Jesus \u2013, passando pela Igreja de S\u00e3o Lu\u00eds dos Franceses \u2013 que acolhe obras sobre S\u00e3o Mateus, e a Igreja de Santo Agostinho \u2013 pr\u00f3xima da Pra\u00e7a Navona, at\u00e9 a Bas\u00edlica de Santo Agostinho no Campo Marzio \u2013 uma das primeiras igrejas romanas do Renascimento.<\/p>\n<p>Fonte: R\u00e1dio Vaticano<\/p>\n","protected":false},"excerpt":{"rendered":"<p>Cidade do Vaticano (RV) &#8211; A Arquidiocese de G\u00eanova est\u00e1 organizando uma peregrina\u00e7\u00e3o para restituir a visita que o Papa Francisco fez em 27 de maio passado \u00e0 capital da regi\u00e3o italiana da Lig\u00faria. Os genoveses estar\u00e3o em Roma e no Vaticano nos dias 21 e 22 de novembro pr\u00f3ximo acompanhados de seu arcebispo, o [&hellip;]<\/p>\n","protected":false},"author":1,"featured_media":33839,"comment_status":"open","ping_status":"closed","sticky":false,"template":"","format":"standard","meta":{"footnotes":""},"categories":[3],"tags":[],"class_list":["post-33838","post","type-post","status-publish","format-standard","has-post-thumbnail","hentry","category-vaticano"],"_links":{"self":[{"href":"https:\/\/catolicanet.net\/wp-cnet\/wp-json\/wp\/v2\/posts\/33838","targetHints":{"allow":["GET"]}}],"collection":[{"href":"https:\/\/catolicanet.net\/wp-cnet\/wp-json\/wp\/v2\/posts"}],"about":[{"href":"https:\/\/catolicanet.net\/wp-cnet\/wp-json\/wp\/v2\/types\/post"}],"author":[{"embeddable":true,"href":"https:\/\/catolicanet.net\/wp-cnet\/wp-json\/wp\/v2\/users\/1"}],"replies":[{"embeddable":true,"href":"https:\/\/catolicanet.net\/wp-cnet\/wp-json\/wp\/v2\/comments?post=33838"}],"version-history":[{"count":1,"href":"https:\/\/catolicanet.net\/wp-cnet\/wp-json\/wp\/v2\/posts\/33838\/revisions"}],"predecessor-version":[{"id":33840,"href":"https:\/\/catolicanet.net\/wp-cnet\/wp-json\/wp\/v2\/posts\/33838\/revisions\/33840"}],"wp:featuredmedia":[{"embeddable":true,"href":"https:\/\/catolicanet.net\/wp-cnet\/wp-json\/wp\/v2\/media\/33839"}],"wp:attachment":[{"href":"https:\/\/catolicanet.net\/wp-cnet\/wp-json\/wp\/v2\/media?parent=33838"}],"wp:term":[{"taxonomy":"category","embeddable":true,"href":"https:\/\/catolicanet.net\/wp-cnet\/wp-json\/wp\/v2\/categories?post=33838"},{"taxonomy":"post_tag","embeddable":true,"href":"https:\/\/catolicanet.net\/wp-cnet\/wp-json\/wp\/v2\/tags?post=33838"}],"curies":[{"name":"wp","href":"https:\/\/api.w.org\/{rel}","templated":true}]}}