{"id":33720,"date":"2017-07-28T14:43:44","date_gmt":"2017-07-28T17:43:44","guid":{"rendered":"http:\/\/catolicanet.net\/wp-cnet\/?p=33720"},"modified":"2017-07-28T16:01:57","modified_gmt":"2017-07-28T19:01:57","slug":"santa-se-reitera-ante-a-onu-solucao-de-dois-estados-para-paz-no-oriente-medio","status":"publish","type":"post","link":"https:\/\/catolicanet.net\/wp-cnet\/santa-se-reitera-ante-a-onu-solucao-de-dois-estados-para-paz-no-oriente-medio\/","title":{"rendered":"Santa S\u00e9 reitera ante a ONU solu\u00e7\u00e3o de dois estados para paz no Oriente M\u00e9dio"},"content":{"rendered":"<p style=\"text-align: justify;\">Vaticano, 28 Jul. 17 \/ 10:00 am (ACI).- A Santa S\u00e9 reiterou ante as Na\u00e7\u00f5es Unidas seu apoio \u00e0 solu\u00e7\u00e3o de dois estados como meio para alcan\u00e7ar a estabilidade no Oriente M\u00e9dio entre israelenses e palestinos, cujo processo de paz n\u00e3o pode ser exclu\u00eddo da agenda da comunidade internacional.<\/p>\n<p>A posi\u00e7\u00e3o do Vaticano foi expressa por Dom Simon Kassas, encarregado de neg\u00f3cios junto \u00e0 Miss\u00e3o do Observador Permanente da Santa S\u00e9 na ONU, no dia 25 de julho durante o debate promovido pelo Conselho de Seguran\u00e7a das Na\u00e7\u00f5es Unidas e que esteve centralizada na situa\u00e7\u00e3o do Oriente M\u00e9dio.<\/p>\n<p>\u201cO representante vaticano recordou que a Santa S\u00e9 reitera o seu firme apoio \u00e0 solu\u00e7\u00e3o de dois Estados. Foram expressos votos de uma nova ordem geopol\u00edtica que contemple o Estado de Israel tendo ao lado o Estado palestino numa moldura de paz e dentro de confins internacionalmente reconhecidos\u201d, informou a R\u00e1dio Vaticano.<\/p>\n<p>O Prelado assinalou que para garantir a seguran\u00e7a e prosperidade na perspectiva de uma coexist\u00eancia pac\u00edfica n\u00e3o existe alternativa a um acordo negociado que leve a uma solu\u00e7\u00e3o reciprocamente concordada.<\/p>\n<p>\u201cO caminho a seguir \u00e9 o de negocia\u00e7\u00f5es diretas entre israelitas e palestinos, com o apoio da comunidade internacional. Para que este processo possa ser completado com bom \u00eaxito, israelitas e palestinos devem dar passos relevantes a fim de reduzir tens\u00f5es e viol\u00eancias\u201d, indicou.<\/p>\n<p>Nesse sentido, disse que ambas as partes \u201cdevem abster-se de a\u00e7\u00f5es, inclusive a de assentamentos, que podem contradizer o compromisso em favor de uma solu\u00e7\u00e3o negociada\u201d.<\/p>\n<p>O representante vaticano recordou que em 2014, o ent\u00e3o presidente de Israel Shimon Peres, e o da Autoridade Palestina, Mahmoud Abbas, se encontraram com o Papa Francisco, que os convidou a rezar e promover a cultura do di\u00e1logo para que as futuras gera\u00e7\u00f5es herdem \u201cuma cultura que saiba delinear estrat\u00e9gias n\u00e3o de morte, mas de vida, n\u00e3o de exclus\u00e3o, mas de integra\u00e7\u00e3o\u201d.<\/p>\n<p>O caso de Jerusal\u00e9m<\/p>\n<p>Em sua interven\u00e7\u00e3o, Dom Kassas disse que n\u00e3o se deve esquecer a quest\u00e3o de Jerusal\u00e9m, a cidade sagrada para judeus, crist\u00e3os e mu\u00e7ulmanos.<\/p>\n<p>Segundo a R\u00e1dio Vaticano, o Prelado assinalou que \u201co statu quo dos s\u00edtios sagrados \u00e9 uma quest\u00e3o de profunda sensibilidade\u201d e que \u201ca Santa S\u00e9 confirma a sua posi\u00e7\u00e3o em linha com a comunidade internacional e renova o seu apoio por uma solu\u00e7\u00e3o completa, justa e duradoura concernente \u00e0 quest\u00e3o da cidade de Jerusal\u00e9m\u201d.<\/p>\n<p>Finalmente, chamou tamb\u00e9m a n\u00e3o esquecer as comunidades crist\u00e3s que h\u00e1 2000 anos vivem no Oriente M\u00e9dio. \u201cA Santa S\u00e9 convida a comunidade internacional a n\u00e3o esquec\u00ea-las e considera que o estado de direito, incluindo o respeito pela liberdade religiosa, \u00e9 fundamental para o alcance e manuten\u00e7\u00e3o da conviv\u00eancia pac\u00edfica\u201d, expressou.<\/p>\n<p style=\"text-align: justify;\">\n<p style=\"text-align: justify;\">Fonte: Acidigital<\/p>\n","protected":false},"excerpt":{"rendered":"<p>Vaticano, 28 Jul. 17 \/ 10:00 am (ACI).- A Santa S\u00e9 reiterou ante as Na\u00e7\u00f5es Unidas seu apoio \u00e0 solu\u00e7\u00e3o de dois estados como meio para alcan\u00e7ar a estabilidade no Oriente M\u00e9dio entre israelenses e palestinos, cujo processo de paz n\u00e3o pode ser exclu\u00eddo da agenda da comunidade internacional. A posi\u00e7\u00e3o do Vaticano foi expressa [&hellip;]<\/p>\n","protected":false},"author":1,"featured_media":33721,"comment_status":"open","ping_status":"closed","sticky":false,"template":"","format":"standard","meta":{"footnotes":""},"categories":[4],"tags":[],"class_list":["post-33720","post","type-post","status-publish","format-standard","has-post-thumbnail","hentry","category-cotidiano"],"_links":{"self":[{"href":"https:\/\/catolicanet.net\/wp-cnet\/wp-json\/wp\/v2\/posts\/33720","targetHints":{"allow":["GET"]}}],"collection":[{"href":"https:\/\/catolicanet.net\/wp-cnet\/wp-json\/wp\/v2\/posts"}],"about":[{"href":"https:\/\/catolicanet.net\/wp-cnet\/wp-json\/wp\/v2\/types\/post"}],"author":[{"embeddable":true,"href":"https:\/\/catolicanet.net\/wp-cnet\/wp-json\/wp\/v2\/users\/1"}],"replies":[{"embeddable":true,"href":"https:\/\/catolicanet.net\/wp-cnet\/wp-json\/wp\/v2\/comments?post=33720"}],"version-history":[{"count":1,"href":"https:\/\/catolicanet.net\/wp-cnet\/wp-json\/wp\/v2\/posts\/33720\/revisions"}],"predecessor-version":[{"id":33722,"href":"https:\/\/catolicanet.net\/wp-cnet\/wp-json\/wp\/v2\/posts\/33720\/revisions\/33722"}],"wp:featuredmedia":[{"embeddable":true,"href":"https:\/\/catolicanet.net\/wp-cnet\/wp-json\/wp\/v2\/media\/33721"}],"wp:attachment":[{"href":"https:\/\/catolicanet.net\/wp-cnet\/wp-json\/wp\/v2\/media?parent=33720"}],"wp:term":[{"taxonomy":"category","embeddable":true,"href":"https:\/\/catolicanet.net\/wp-cnet\/wp-json\/wp\/v2\/categories?post=33720"},{"taxonomy":"post_tag","embeddable":true,"href":"https:\/\/catolicanet.net\/wp-cnet\/wp-json\/wp\/v2\/tags?post=33720"}],"curies":[{"name":"wp","href":"https:\/\/api.w.org\/{rel}","templated":true}]}}