{"id":33708,"date":"2017-07-28T13:42:41","date_gmt":"2017-07-28T16:42:41","guid":{"rendered":"http:\/\/catolicanet.net\/wp-cnet\/?p=33708"},"modified":"2017-07-28T15:51:14","modified_gmt":"2017-07-28T18:51:14","slug":"ha-50-anos-paulo-vi-encontrava-atenagoras-i-em-constantinopla","status":"publish","type":"post","link":"https:\/\/catolicanet.net\/wp-cnet\/ha-50-anos-paulo-vi-encontrava-atenagoras-i-em-constantinopla\/","title":{"rendered":"H\u00e1 50 anos, Paulo VI encontrava Aten\u00e1goras I em Constantinopla"},"content":{"rendered":"<p style=\"text-align: justify;\">Cidade do Vaticano (RV) \u2013 H\u00e1 50 anos, o Papa Paulo VI encontrava e abra\u00e7ava o Patriarca Aten\u00e1goras I, no Fanar do Patriarcado Ecum\u00eanico de Constantinopla, em 25 de julho de 1967.<\/p>\n<p>Durante a sua Viagem Apost\u00f3lica a Istambul, \u00c9feso e Esmirna, de 25 a 26 de julho de 1967, Paulo VI escreveu uma Carta ao Patriarca Athenagoras I para a promo\u00e7\u00e3o e o restabelecimento da unidade da Igreja do Ocidente com a Igreja do Oriente.<\/p>\n<p>Dois anos antes da sua Viagem \u00e0 Turquia, em 7 de dezembro de 1965, o Papa Paulo VI e o Patriarca Aten\u00e1goras de Constantinopla assinaram uma \u201cDeclara\u00e7\u00e3o Conjunta\u201d lida, em franc\u00eas, na Sess\u00e3o p\u00fablica Conciliar e, ao mesmo tempo, no Fanar do Patriarcado Ecum\u00eanico de Constantinopla.<\/p>\n<p>O Papa Paulo VI e o Patriarca Aten\u00e1goras I, com seu S\u00ednodo estavam cientes de que este gesto de justi\u00e7a e perd\u00e3o rec\u00edproco n\u00e3o seria suficiente para p\u00f4r fim \u00e0s diferen\u00e7as antigas ou mais recentes entre a Igreja Cat\u00f3lica Romana e a Igreja Ortodoxa de Constantinopla.<\/p>\n<p>No entanto, com este gesto, expressavam sincero desejo comum de reconcilia\u00e7\u00e3o e um convite a prosseguir, com esp\u00edrito de confian\u00e7a, estima e caridade m\u00fatuas, o di\u00e1logo que, com a ajuda de Deus, servia para o maior bem das almas, na plena comunh\u00e3o de f\u00e9, conc\u00f3rdia fraterna e vida sacramental.<\/p>\n<p style=\"text-align: justify;\">\n<p style=\"text-align: justify;\">Fonte: R\u00e1dio Vaticano<\/p>\n","protected":false},"excerpt":{"rendered":"<p>Cidade do Vaticano (RV) \u2013 H\u00e1 50 anos, o Papa Paulo VI encontrava e abra\u00e7ava o Patriarca Aten\u00e1goras I, no Fanar do Patriarcado Ecum\u00eanico de Constantinopla, em 25 de julho de 1967. Durante a sua Viagem Apost\u00f3lica a Istambul, \u00c9feso e Esmirna, de 25 a 26 de julho de 1967, Paulo VI escreveu uma Carta [&hellip;]<\/p>\n","protected":false},"author":1,"featured_media":33709,"comment_status":"open","ping_status":"closed","sticky":false,"template":"","format":"standard","meta":{"footnotes":""},"categories":[3],"tags":[],"class_list":["post-33708","post","type-post","status-publish","format-standard","has-post-thumbnail","hentry","category-vaticano"],"_links":{"self":[{"href":"https:\/\/catolicanet.net\/wp-cnet\/wp-json\/wp\/v2\/posts\/33708","targetHints":{"allow":["GET"]}}],"collection":[{"href":"https:\/\/catolicanet.net\/wp-cnet\/wp-json\/wp\/v2\/posts"}],"about":[{"href":"https:\/\/catolicanet.net\/wp-cnet\/wp-json\/wp\/v2\/types\/post"}],"author":[{"embeddable":true,"href":"https:\/\/catolicanet.net\/wp-cnet\/wp-json\/wp\/v2\/users\/1"}],"replies":[{"embeddable":true,"href":"https:\/\/catolicanet.net\/wp-cnet\/wp-json\/wp\/v2\/comments?post=33708"}],"version-history":[{"count":1,"href":"https:\/\/catolicanet.net\/wp-cnet\/wp-json\/wp\/v2\/posts\/33708\/revisions"}],"predecessor-version":[{"id":33710,"href":"https:\/\/catolicanet.net\/wp-cnet\/wp-json\/wp\/v2\/posts\/33708\/revisions\/33710"}],"wp:featuredmedia":[{"embeddable":true,"href":"https:\/\/catolicanet.net\/wp-cnet\/wp-json\/wp\/v2\/media\/33709"}],"wp:attachment":[{"href":"https:\/\/catolicanet.net\/wp-cnet\/wp-json\/wp\/v2\/media?parent=33708"}],"wp:term":[{"taxonomy":"category","embeddable":true,"href":"https:\/\/catolicanet.net\/wp-cnet\/wp-json\/wp\/v2\/categories?post=33708"},{"taxonomy":"post_tag","embeddable":true,"href":"https:\/\/catolicanet.net\/wp-cnet\/wp-json\/wp\/v2\/tags?post=33708"}],"curies":[{"name":"wp","href":"https:\/\/api.w.org\/{rel}","templated":true}]}}