{"id":33702,"date":"2017-07-28T10:22:34","date_gmt":"2017-07-28T13:22:34","guid":{"rendered":"http:\/\/catolicanet.net\/wp-cnet\/?p=33702"},"modified":"2017-07-28T15:45:35","modified_gmt":"2017-07-28T18:45:35","slug":"curso-oferece-formacao-politica-para-cristaos-leigos-em-brasilia-df","status":"publish","type":"post","link":"https:\/\/catolicanet.net\/wp-cnet\/curso-oferece-formacao-politica-para-cristaos-leigos-em-brasilia-df\/","title":{"rendered":"Curso oferece forma\u00e7\u00e3o pol\u00edtica para crist\u00e3os leigos em Bras\u00edlia (DF)"},"content":{"rendered":"<p style=\"text-align: justify;\">O Centro Nacional de F\u00e9 e Pol\u00edtica Dom Helder C\u00e2mara (Cefep) oferece mais uma edi\u00e7\u00e3o do Curso de Forma\u00e7\u00e3o Pol\u00edtica para Crist\u00e3os Leigos e Leigas. A iniciativa da Confer\u00eancia Nacional dos Bispos do Brasil (CNBB) por meio da Comiss\u00e3o Episcopal Pastoral para o Laicato disponibiliza 50 vagas e j\u00e1 conta com inscri\u00e7\u00f5es abertas.<\/p>\n<p>Tradi\u00e7\u00e3o do organismo, a forma\u00e7\u00e3o pol\u00edtica para crist\u00e3os leigos fomenta o pensamento social \u00e0 luz da doutrina da Igreja. Com dura\u00e7\u00e3o de aproximadamente um ano e meio e carga hor\u00e1ria de 360h, o curso \u00e9 dividido em duas partes: a presencial que \u00e9 realizada em Bras\u00edlia (DF) e a dist\u00e2ncia, em parceria com a Pontif\u00edcia Universidade do Rio de Janeiro (PUC-Rio).<\/p>\n<p><img decoding=\"async\" class=\"alignright\" src=\"http:\/\/www.catolicanet.com.br\/images\/stories\/noticias2017\/cefepinterna.jpg\" align=\"right\" border=\"0\" \/>Segundo o bispo de Ca\u00e7ador e presidente da Comiss\u00e3o para o Lacaito, dom Severino Clasen, o curso oferecer\u00e1 orienta\u00e7\u00f5es para que os crist\u00e3os leigos possam de fato assumir a sua cidadania no mundo da pol\u00edtica. \u201c\u00c9 important\u00edssimo preparamos tamb\u00e9m os crist\u00e3os leigos conforme a doutrina social da igreja para governar, para administrar os nossos munic\u00edpios, estados e a nossa na\u00e7\u00e3o\u201d, afirma.<\/p>\n<p>Direcionada a lideran\u00e7as das comunidades eclesiais, pastorais sociais, movimentos, conselhos de leigos, organismos ou pessoas com responsabilidades em organiza\u00e7\u00f5es e movimentos sociais, a forma\u00e7\u00e3o conta com uma ementa variada, entre os temas abordados estar\u00e3o: \u201cA Legisla\u00e7\u00e3o Eleitoral do Brasil\u201d; \u201cNo\u00e7\u00f5es de Bio\u00e9tica\u201d; Cidadania e Direitos Humanos\u201d; \u201cAgroecologia\u201d entre outros.<\/p>\n<p>As inscri\u00e7\u00f5es ter\u00e3o in\u00edcio no dia 1\u00ba de agosto e podem ser feitas atrav\u00e9s do site do Cefep at\u00e9 o dia 3 de novembro. A primeira parte presencial ocorrer\u00e1 nos dias 14 a 27 de janeiro de 2018. Mais informa\u00e7\u00f5es: (61) 3349-4623 ou (61) 2103-8300.<\/p>\n<p>\u201cVenha conosco e participe do Curso de Forma\u00e7\u00e3o de Forma\u00e7\u00e3o Pol\u00edtica para Crist\u00e3os Leigos e Leigas!\u201d, exorta dom Severino.<\/p>\n<p>Cefep<\/p>\n<p>O Centro Nacional de F\u00e9 e Pol\u00edtica Dom Helder C\u00e2mara \u00e9 um servi\u00e7o \u00e0 forma\u00e7\u00e3o pol\u00edtica dos crist\u00e3os leigos e leigas, sob a presid\u00eancia da Comiss\u00e3o Episcopal Pastoral para o Laicato da CNBB. Atualmente \u00e9 baseado em tr\u00eas eixos de atua\u00e7\u00e3o e possui o objetivo de contribuir com a forma\u00e7\u00e3o de lideran\u00e7a inseridas na pol\u00edtica, a partir de uma reflex\u00e3o b\u00edblica e teol\u00f3gica, das ci\u00eancias sociais e da filosofia.<\/p>\n<p style=\"text-align: justify;\">\n<p style=\"text-align: justify;\">Fonte: CNBB<\/p>\n","protected":false},"excerpt":{"rendered":"<p>O Centro Nacional de F\u00e9 e Pol\u00edtica Dom Helder C\u00e2mara (Cefep) oferece mais uma edi\u00e7\u00e3o do Curso de Forma\u00e7\u00e3o Pol\u00edtica para Crist\u00e3os Leigos e Leigas. A iniciativa da Confer\u00eancia Nacional dos Bispos do Brasil (CNBB) por meio da Comiss\u00e3o Episcopal Pastoral para o Laicato disponibiliza 50 vagas e j\u00e1 conta com inscri\u00e7\u00f5es abertas. Tradi\u00e7\u00e3o do [&hellip;]<\/p>\n","protected":false},"author":1,"featured_media":33703,"comment_status":"open","ping_status":"closed","sticky":false,"template":"","format":"standard","meta":{"footnotes":""},"categories":[7],"tags":[],"class_list":["post-33702","post","type-post","status-publish","format-standard","has-post-thumbnail","hentry","category-cnbb"],"_links":{"self":[{"href":"https:\/\/catolicanet.net\/wp-cnet\/wp-json\/wp\/v2\/posts\/33702","targetHints":{"allow":["GET"]}}],"collection":[{"href":"https:\/\/catolicanet.net\/wp-cnet\/wp-json\/wp\/v2\/posts"}],"about":[{"href":"https:\/\/catolicanet.net\/wp-cnet\/wp-json\/wp\/v2\/types\/post"}],"author":[{"embeddable":true,"href":"https:\/\/catolicanet.net\/wp-cnet\/wp-json\/wp\/v2\/users\/1"}],"replies":[{"embeddable":true,"href":"https:\/\/catolicanet.net\/wp-cnet\/wp-json\/wp\/v2\/comments?post=33702"}],"version-history":[{"count":1,"href":"https:\/\/catolicanet.net\/wp-cnet\/wp-json\/wp\/v2\/posts\/33702\/revisions"}],"predecessor-version":[{"id":33704,"href":"https:\/\/catolicanet.net\/wp-cnet\/wp-json\/wp\/v2\/posts\/33702\/revisions\/33704"}],"wp:featuredmedia":[{"embeddable":true,"href":"https:\/\/catolicanet.net\/wp-cnet\/wp-json\/wp\/v2\/media\/33703"}],"wp:attachment":[{"href":"https:\/\/catolicanet.net\/wp-cnet\/wp-json\/wp\/v2\/media?parent=33702"}],"wp:term":[{"taxonomy":"category","embeddable":true,"href":"https:\/\/catolicanet.net\/wp-cnet\/wp-json\/wp\/v2\/categories?post=33702"},{"taxonomy":"post_tag","embeddable":true,"href":"https:\/\/catolicanet.net\/wp-cnet\/wp-json\/wp\/v2\/tags?post=33702"}],"curies":[{"name":"wp","href":"https:\/\/api.w.org\/{rel}","templated":true}]}}