{"id":33696,"date":"2017-07-28T08:33:29","date_gmt":"2017-07-28T11:33:29","guid":{"rendered":"http:\/\/catolicanet.net\/wp-cnet\/?p=33696"},"modified":"2017-07-28T15:39:30","modified_gmt":"2017-07-28T18:39:30","slug":"a-luz-da-evangelica-opcao-preferencial-pelos-pobres-nordeste-1-marca-sua-atuacao-na-igreja-no-brasil","status":"publish","type":"post","link":"https:\/\/catolicanet.net\/wp-cnet\/a-luz-da-evangelica-opcao-preferencial-pelos-pobres-nordeste-1-marca-sua-atuacao-na-igreja-no-brasil\/","title":{"rendered":"\u2018\u00c0 luz da evang\u00e9lica op\u00e7\u00e3o preferencial pelos pobres\u2019, Nordeste 1 marca sua atua\u00e7\u00e3o na Igreja no Brasil"},"content":{"rendered":"<p style=\"text-align: justify;\">Organizada por circunscri\u00e7\u00f5es eclesi\u00e1sticas, a Igreja Cat\u00f3lica no Brasil atualmente \u00e9 composta por 18 regionais. Na s\u00e9rie de hoje, conhe\u00e7a o regional Nordeste 1, que abrange o estado do Cear\u00e1.<\/p>\n<p>Segundo dados constantes nos arquivos do regional, o objetivo principal do primeiro Plano de Pastoral do \u2018Nordeste 1\u2019 era criar meios e condi\u00e7\u00f5es para que a Igreja regional se ajustasse o mais r\u00e1pido poss\u00edvel \u00e0 imagem da Igreja do Conc\u00edlio Vaticano II. Naquela \u00e9poca, em 1968, o regional tinha a mesma finalidade do Plano de Pastoral Org\u00e2nica, que era a de ser \u201cpresen\u00e7a de Igreja como fermento no desenvolvimento da regi\u00e3o nordestina, segundo os design\u00edos de Deus\u201d.<\/p>\n<p>No in\u00edcio faziam parte do regional os estados do Maranh\u00e3o, Piau\u00ed e Cear\u00e1, mas em 1980 durante a XVI Assembleia Geral do Regional Nordeste 1 foi votado pelos participantes o seu desdobramento, passando a fazer parte da circunscri\u00e7\u00e3o somente o estado do Cear\u00e1, ficando o Maranh\u00e3o e o Piau\u00ed constituintes do regional Nordeste V. Tal vota\u00e7\u00e3o foi ratificada pela Assembleia Geral da Confer\u00eancia Nacional dos Bispos do Brasil (CNBB) realizada em Itaici (SP), de 5 a 14 de fevereiro do mesmo ano.<\/p>\n<p><img decoding=\"async\" class=\"alignright\" src=\"http:\/\/www.catolicanet.com.br\/images\/stories\/noticias2017\/mapadeste1.jpg\" align=\"right\" border=\"0\" \/>Geografia e popula\u00e7\u00e3o<\/p>\n<p>Composto pelas dioceses de Crato, Crate\u00fas, Iguatu, Itapipoca, Limoeiro do Norte, Quixad\u00e1, Tiangu\u00e1 e Fortaleza, o regional possui como presidente o arcebispo de Fortaleza, dom Jos\u00e9 Ant\u00f4nio Aparecido Tosi Marques. Atualmente segundos dados do Instituto Brasileiro de Geografia e Estat\u00edstica (IBGE) sua popula\u00e7\u00e3o \u00e9 composta por cerca de 8 milh\u00f5es de habitantes, seguido de uma superf\u00edcie de 145 mil km\u00b2.<\/p>\n<p>Atividades<\/p>\n<p>Conforme orienta\u00e7\u00f5es da CNBB e em comunh\u00e3o com a Igreja no Brasil, o regional Nordeste 1 realiza algumas atividades ao longo do ano, uma delas \u00e9 a Assembleia Geral do Regional. A primeira foi realizada na diocese de Limoeiro do Norte em 1980, mas foi somente durante a 21\u00aa Assembleia que o \u2018Nordeste 1\u2019 consolidou seu atual objetivo geral que \u00e9 o de \u201cevangelizar, a partir de Jesus Cristo, na for\u00e7a do Esp\u00edrito Santo, como Igreja disc\u00edpula, mission\u00e1ria, prof\u00e9tica e misericordiosa, alimentada pela Palavra de Deus e pela Eucaristia, \u00e0 luz da evang\u00e9lica op\u00e7\u00e3o preferencial pelos pobres, para que todos tenham vida, rumo ao Reino definitivo\u201d.<\/p>\n<p><img decoding=\"async\" class=\"alignleft\" src=\"http:\/\/www.catolicanet.com.br\/images\/stories\/noticias2017\/cconser.jpg\" align=\"left\" border=\"0\" \/>Al\u00e9m da Assembleia Geral tamb\u00e9m durante o ano acontecem as reuni\u00f5es das Comiss\u00f5es Episcopais do regional, com seus respectivos bispos de refer\u00eancia. Al\u00e9m das reuni\u00f5es por Comiss\u00e3o, pelo menos duas vezes ao ano acontece o Conselho Episcopal Regional (Conser) que re\u00fane toda igreja particular do Cear\u00e1 para estudo, reflex\u00e3o, encaminhamentos e escuta dos bispos ao povo de Deus atrav\u00e9s de seus representantes regionais e diocesanos.<\/p>\n<p>Contato<\/p>\n<p>Atualmente a sede do regional Nordeste 1 localiza-se no Bairro F\u00e1tima em Fortaleza (CE). O regional possui site pr\u00f3prio: http:\/\/www.cnbbne1.org.br\/index.php. Mais informa\u00e7\u00f5es pelo telefone: (85) 3252-4046.<\/p>\n<p style=\"text-align: justify;\">\n<p style=\"text-align: justify;\">Fonte: R\u00e1dio Vaticano<\/p>\n","protected":false},"excerpt":{"rendered":"<p>Organizada por circunscri\u00e7\u00f5es eclesi\u00e1sticas, a Igreja Cat\u00f3lica no Brasil atualmente \u00e9 composta por 18 regionais. Na s\u00e9rie de hoje, conhe\u00e7a o regional Nordeste 1, que abrange o estado do Cear\u00e1. Segundo dados constantes nos arquivos do regional, o objetivo principal do primeiro Plano de Pastoral do \u2018Nordeste 1\u2019 era criar meios e condi\u00e7\u00f5es para que [&hellip;]<\/p>\n","protected":false},"author":1,"featured_media":33697,"comment_status":"open","ping_status":"closed","sticky":false,"template":"","format":"standard","meta":{"footnotes":""},"categories":[7],"tags":[],"class_list":["post-33696","post","type-post","status-publish","format-standard","has-post-thumbnail","hentry","category-cnbb"],"_links":{"self":[{"href":"https:\/\/catolicanet.net\/wp-cnet\/wp-json\/wp\/v2\/posts\/33696","targetHints":{"allow":["GET"]}}],"collection":[{"href":"https:\/\/catolicanet.net\/wp-cnet\/wp-json\/wp\/v2\/posts"}],"about":[{"href":"https:\/\/catolicanet.net\/wp-cnet\/wp-json\/wp\/v2\/types\/post"}],"author":[{"embeddable":true,"href":"https:\/\/catolicanet.net\/wp-cnet\/wp-json\/wp\/v2\/users\/1"}],"replies":[{"embeddable":true,"href":"https:\/\/catolicanet.net\/wp-cnet\/wp-json\/wp\/v2\/comments?post=33696"}],"version-history":[{"count":1,"href":"https:\/\/catolicanet.net\/wp-cnet\/wp-json\/wp\/v2\/posts\/33696\/revisions"}],"predecessor-version":[{"id":33698,"href":"https:\/\/catolicanet.net\/wp-cnet\/wp-json\/wp\/v2\/posts\/33696\/revisions\/33698"}],"wp:featuredmedia":[{"embeddable":true,"href":"https:\/\/catolicanet.net\/wp-cnet\/wp-json\/wp\/v2\/media\/33697"}],"wp:attachment":[{"href":"https:\/\/catolicanet.net\/wp-cnet\/wp-json\/wp\/v2\/media?parent=33696"}],"wp:term":[{"taxonomy":"category","embeddable":true,"href":"https:\/\/catolicanet.net\/wp-cnet\/wp-json\/wp\/v2\/categories?post=33696"},{"taxonomy":"post_tag","embeddable":true,"href":"https:\/\/catolicanet.net\/wp-cnet\/wp-json\/wp\/v2\/tags?post=33696"}],"curies":[{"name":"wp","href":"https:\/\/api.w.org\/{rel}","templated":true}]}}