{"id":33679,"date":"2017-07-27T16:09:42","date_gmt":"2017-07-27T19:09:42","guid":{"rendered":"http:\/\/catolicanet.net\/wp-cnet\/?p=33679"},"modified":"2017-07-28T11:05:30","modified_gmt":"2017-07-28T14:05:30","slug":"colombia-dono-de-falso-canal-catolico-estaria-excomungado-apos-reiterado-rechaco-ao-papa","status":"publish","type":"post","link":"https:\/\/catolicanet.net\/wp-cnet\/colombia-dono-de-falso-canal-catolico-estaria-excomungado-apos-reiterado-rechaco-ao-papa\/","title":{"rendered":"Col\u00f4mbia: Dono de falso canal cat\u00f3lico estaria excomungado ap\u00f3s reiterado recha\u00e7o ao Papa"},"content":{"rendered":"<p style=\"text-align: justify;\">BOGOT\u00c1, 27 Jul. 17 \/ 03:00 pm (ACI).- O diretor do canal de televis\u00e3o colombiano Teleamiga, Jos\u00e9 Galat, estaria automaticamente excomungado ap\u00f3s reiterar seu recha\u00e7o ao Papa Francisco, advertiu Dom Pedro Mercado Cepeda, Vig\u00e1rio Judicial da Arquidiocese de Bogot\u00e1 e presidente do Tribunal Eclesi\u00e1stico.<\/p>\n<p>Em declara\u00e7\u00f5es ao Grupo ACI, Dom Mercado Cepeda assinalou que, \u201ccom sua irritada resposta ao Episcopado e seu contumaz recha\u00e7o ao Papa Francisco, o Dr. Jos\u00e9 Galat se colocou fora da comunh\u00e3o da Igreja Cat\u00f3lica\u201d.<\/p>\n<p>\u201cN\u00e3o deve ser admitido aos sacramentos at\u00e9 dar mostras claras de arrependimento\u201d, assinalou.<\/p>\n<p>A Confer\u00eancia Episcopal da Col\u00f4mbia (CEC) divulgou no dia 25 de julho um comunicado advertindo que Teleamiga \u201cn\u00e3o representa nem reflete o ensinamento da Igreja cat\u00f3lica; portanto, n\u00e3o pode autodenominar-se \u2018canal cat\u00f3lico\u2019\u201d.<\/p>\n<p>Para os Bispos da Col\u00f4mbia, esse canal e, em especial o programa \u2018Un Caf\u00e9 com Galat\u2019, conduzido pelo seu dono, apresentam \u201cargumentos superficiais e nocivos\u201d contr\u00e1rios \u00e0 doutrina da Igreja e ao Papa Francisco.<\/p>\n<p>Al\u00e9m disso, a CEC pediu a sacerdotes, religiosos e leigos que deixem de apoiar Teleamiga.<\/p>\n<p>Em resposta, Galat, longe de admitir seu erro, assegurou em um comunicado que o Papa Francisco foi eleito por \u201cuma m\u00e1fia politiqueira e corrupta de cardeais\u201d e classificou sua elei\u00e7\u00e3o de \u201cantican\u00f4nica\u201d.<\/p>\n<p>O dono de Teleamiga disse ainda que o pontificado de Francisco contava com uma \u201cinquestion\u00e1vel ilegitimidade de origem\u201d e \u201cilegitimidade de exerc\u00edcio por ensinar doutrinas contr\u00e1rias \u00e0 f\u00e9 cat\u00f3lica\u201d.<\/p>\n<p>Segundo Galat, ele est\u00e1 \u201cdefendendo a f\u00e9 da Igreja frente \u00e0s insensatezes do que figura como pont\u00edfice\u201d.<\/p>\n<p>Dom Pedro Mercado Cepeda recordou que \u201ca heresia e o cisma est\u00e3o tipificados como delitos can\u00f4nicos castigados com a excomunh\u00e3o latae sententiae (autom\u00e1tica)\u201d.<\/p>\n<p>\u201cQuem tenha incorrido neste delito n\u00e3o pode receber os sacramentos da Igreja at\u00e9 manifestar um arrependimento vis\u00edvel e sincero\u201d, explicou.<\/p>\n<p>Al\u00e9m disso, precisou, o c\u00e2non 1184 do C\u00f3digo de Direito Can\u00f4nico, em seu inciso 1, \u201cindica que se devem negar as ex\u00e9quias eclesi\u00e1sticas aos notoriamente ap\u00f3statas, hereges ou cism\u00e1ticos, salvo que tenha manifestado algum sinal de arrependimento antes de morrer\u201d.<\/p>\n<p>O Vig\u00e1rio Judicial da Arquidiocese de Bogot\u00e1 indicou que \u201cn\u00e3o \u00e9 que a Igreja o tenha excomungado. A todos na Igreja nos d\u00f3i esta situa\u00e7\u00e3o\u201d.<\/p>\n<p>\u201cMas, ao desobedecer ao Papa Francisco de maneira vis\u00edvel, p\u00fablica e reiterada, o pr\u00f3prio Dr. Galat se colocou fora da comunh\u00e3o da Igreja\u201d, disse.<\/p>\n<p>Dom Mercado Cepeda assinalou que \u201c\u00e9 doloroso para mim constatar que o Dr. Galat, que durante anos serviu \u00e0 Igreja com fidelidade, termine seus dias nesta situa\u00e7\u00e3o espiritual lament\u00e1vel\u201d.<\/p>\n<p style=\"text-align: justify;\">\n<p style=\"text-align: justify;\">Fonte: Acidigital<\/p>\n","protected":false},"excerpt":{"rendered":"<p>BOGOT\u00c1, 27 Jul. 17 \/ 03:00 pm (ACI).- O diretor do canal de televis\u00e3o colombiano Teleamiga, Jos\u00e9 Galat, estaria automaticamente excomungado ap\u00f3s reiterar seu recha\u00e7o ao Papa Francisco, advertiu Dom Pedro Mercado Cepeda, Vig\u00e1rio Judicial da Arquidiocese de Bogot\u00e1 e presidente do Tribunal Eclesi\u00e1stico. Em declara\u00e7\u00f5es ao Grupo ACI, Dom Mercado Cepeda assinalou que, \u201ccom [&hellip;]<\/p>\n","protected":false},"author":1,"featured_media":33680,"comment_status":"open","ping_status":"closed","sticky":false,"template":"","format":"standard","meta":{"footnotes":""},"categories":[4],"tags":[],"class_list":["post-33679","post","type-post","status-publish","format-standard","has-post-thumbnail","hentry","category-cotidiano"],"_links":{"self":[{"href":"https:\/\/catolicanet.net\/wp-cnet\/wp-json\/wp\/v2\/posts\/33679","targetHints":{"allow":["GET"]}}],"collection":[{"href":"https:\/\/catolicanet.net\/wp-cnet\/wp-json\/wp\/v2\/posts"}],"about":[{"href":"https:\/\/catolicanet.net\/wp-cnet\/wp-json\/wp\/v2\/types\/post"}],"author":[{"embeddable":true,"href":"https:\/\/catolicanet.net\/wp-cnet\/wp-json\/wp\/v2\/users\/1"}],"replies":[{"embeddable":true,"href":"https:\/\/catolicanet.net\/wp-cnet\/wp-json\/wp\/v2\/comments?post=33679"}],"version-history":[{"count":1,"href":"https:\/\/catolicanet.net\/wp-cnet\/wp-json\/wp\/v2\/posts\/33679\/revisions"}],"predecessor-version":[{"id":33681,"href":"https:\/\/catolicanet.net\/wp-cnet\/wp-json\/wp\/v2\/posts\/33679\/revisions\/33681"}],"wp:featuredmedia":[{"embeddable":true,"href":"https:\/\/catolicanet.net\/wp-cnet\/wp-json\/wp\/v2\/media\/33680"}],"wp:attachment":[{"href":"https:\/\/catolicanet.net\/wp-cnet\/wp-json\/wp\/v2\/media?parent=33679"}],"wp:term":[{"taxonomy":"category","embeddable":true,"href":"https:\/\/catolicanet.net\/wp-cnet\/wp-json\/wp\/v2\/categories?post=33679"},{"taxonomy":"post_tag","embeddable":true,"href":"https:\/\/catolicanet.net\/wp-cnet\/wp-json\/wp\/v2\/tags?post=33679"}],"curies":[{"name":"wp","href":"https:\/\/api.w.org\/{rel}","templated":true}]}}