{"id":3367,"date":"2013-11-08T17:19:24","date_gmt":"2013-11-08T19:19:24","guid":{"rendered":"http:\/\/catolicanet.net\/wp-cnet\/encontro-aborda-desafios-para-os-presbiteros\/"},"modified":"2017-03-23T10:33:38","modified_gmt":"2017-03-23T13:33:38","slug":"encontro-aborda-desafios-para-os-presbiteros","status":"publish","type":"post","link":"https:\/\/catolicanet.net\/wp-cnet\/encontro-aborda-desafios-para-os-presbiteros\/","title":{"rendered":"Encontro aborda desafios para os presb\u00edteros"},"content":{"rendered":"<p style=\"text-align: justify;\"><img decoding=\"async\" src=\"http:\/\/catolicanet.com.br\/images\/stories\/01presbiterossul3.jpg\" border=\"0\" align=\"left\" \/>O 32\u00ba Encontro de Presb\u00edteros do regional Sul 3 da CNBB foi realizado de 4 a 6 de novembro, e reuniu padres de 18 dioceses ga\u00fachas. O evento abordou reflex\u00f5es sobre a vida e desafios dos sacerdotes no mundo globalizado, a partir do tema &#8220;Conc\u00edlio Vaticano II e os presb\u00edteros do Brasil: testemunho de f\u00e9, esperan\u00e7a e caridade&#8221;. <\/p>\n<p>A organiza\u00e7\u00e3o do encontro ficou a cargo da Comiss\u00e3o Regional de Presb\u00edteros e contou com a presen\u00e7a do presidente do regional Sul 3, dom Zeno Hastenteufel. O padre Martinho Lens apresentou uma palestra sobre a conjuntura atual da Igreja. J\u00e1 o padre \u00c9rico Jo\u00e3o Hammes abordou as virtudes teologais: f\u00e9, esperan\u00e7a e caridade.<\/p>\n<p>O encontro foi tamb\u00e9m uma prepara\u00e7\u00e3o final para o 15\u00ba Encontro Nacional dos Presb\u00edteros, que ser\u00e1 realizado em fevereiro de 2014 no Santu\u00e1rio Nacional de Aparecida (SP).<\/p>\n<p style=\"text-align: justify;\">\u00a0<\/p>\n<p style=\"text-align: justify;\"><strong>Local: Bras\u00edlia (DF)<br \/>Fonte: CNBB<\/strong><\/p>\n","protected":false},"excerpt":{"rendered":"<p>O 32\u00ba Encontro de Presb\u00edteros do regional Sul 3 da CNBB foi realizado de 4 a 6 de novembro, e reuniu padres de 18 dioceses ga\u00fachas. O evento abordou reflex\u00f5es sobre a vida e desafios dos sacerdotes no mundo globalizado, a partir do tema &#8220;Conc\u00edlio Vaticano II e os presb\u00edteros do Brasil: testemunho de f\u00e9, [&hellip;]<\/p>\n","protected":false},"author":1,"featured_media":0,"comment_status":"closed","ping_status":"closed","sticky":false,"template":"","format":"standard","meta":{"footnotes":""},"categories":[7],"tags":[],"class_list":["post-3367","post","type-post","status-publish","format-standard","hentry","category-cnbb"],"_links":{"self":[{"href":"https:\/\/catolicanet.net\/wp-cnet\/wp-json\/wp\/v2\/posts\/3367","targetHints":{"allow":["GET"]}}],"collection":[{"href":"https:\/\/catolicanet.net\/wp-cnet\/wp-json\/wp\/v2\/posts"}],"about":[{"href":"https:\/\/catolicanet.net\/wp-cnet\/wp-json\/wp\/v2\/types\/post"}],"author":[{"embeddable":true,"href":"https:\/\/catolicanet.net\/wp-cnet\/wp-json\/wp\/v2\/users\/1"}],"replies":[{"embeddable":true,"href":"https:\/\/catolicanet.net\/wp-cnet\/wp-json\/wp\/v2\/comments?post=3367"}],"version-history":[{"count":1,"href":"https:\/\/catolicanet.net\/wp-cnet\/wp-json\/wp\/v2\/posts\/3367\/revisions"}],"predecessor-version":[{"id":7504,"href":"https:\/\/catolicanet.net\/wp-cnet\/wp-json\/wp\/v2\/posts\/3367\/revisions\/7504"}],"wp:attachment":[{"href":"https:\/\/catolicanet.net\/wp-cnet\/wp-json\/wp\/v2\/media?parent=3367"}],"wp:term":[{"taxonomy":"category","embeddable":true,"href":"https:\/\/catolicanet.net\/wp-cnet\/wp-json\/wp\/v2\/categories?post=3367"},{"taxonomy":"post_tag","embeddable":true,"href":"https:\/\/catolicanet.net\/wp-cnet\/wp-json\/wp\/v2\/tags?post=3367"}],"curies":[{"name":"wp","href":"https:\/\/api.w.org\/{rel}","templated":true}]}}