{"id":33659,"date":"2017-07-27T13:11:44","date_gmt":"2017-07-27T16:11:44","guid":{"rendered":"http:\/\/catolicanet.net\/wp-cnet\/?p=33659"},"modified":"2017-07-28T10:11:40","modified_gmt":"2017-07-28T13:11:40","slug":"porto-diocese-tem-nova-fundacao-dedicada-a-silvia-cardoso","status":"publish","type":"post","link":"https:\/\/catolicanet.net\/wp-cnet\/porto-diocese-tem-nova-fundacao-dedicada-a-silvia-cardoso\/","title":{"rendered":"Porto: Diocese tem nova Funda\u00e7\u00e3o dedicada a S\u00edlvia Cardoso"},"content":{"rendered":"<p style=\"text-align: justify;\">D. Ant\u00f4nio Francisco dos Santos anunciou institui\u00e7\u00e3o no dia de anivers\u00e1rio da leiga, em processo de beatifica\u00e7\u00e3o<\/p>\n<p>Pa\u00e7os de Ferreira, 27 jul 2017 (Ecclesia) &#8211; O bispo do Porto, D. Ant\u00f4nio Francisco dos Santos, Bispo do Porto, instituiu canonicamente esta quarta-feira a Funda\u00e7\u00e3o S\u00edlvia Cardoso, que visa, entre outros objetivos, \u201cdifundir a vida e obra\u201d da leiga, em processo de beatifica\u00e7\u00e3o.<\/p>\n<p>S\u00edlvia Cardoso (1882-1950) nasceu em Pa\u00e7os de Ferreira, onde est\u00e1 sepultada, e distinguiu-se pelo seu trabalho social.<\/p>\n<p>Em mar\u00e7o de 2013, o Papa Francisco aprovou a publica\u00e7\u00e3o do decreto que reconhece as \u2018virtudes heroicas\u2019 da leiga portuguesa, que se empenhou na educa\u00e7\u00e3o de crian\u00e7as pobres e na ajuda aos doentes, em v\u00e1rias regi\u00f5es do pa\u00eds.<\/p>\n<p>O an\u00fancio da nova funda\u00e7\u00e3o foi feito na data do anivers\u00e1rio natal\u00edcio de \u2018Dona S\u00edlvia\u2019, como era conhecida.<\/p>\n<p>O momento foi assinalado com uma celebra\u00e7\u00e3o eucar\u00edstica, na igreja matriz de Pa\u00e7os de Ferreira, onde se encontra a capela tumular da vener\u00e1vel S\u00edlvia Cardoso, sob a presid\u00eancia de D. Ant\u00f3nio Taipa, bispo auxiliar do Porto.<\/p>\n<p>A Funda\u00e7\u00e3o Can\u00f4nica S\u00edlvia Cardos tem sede em Pa\u00e7os de Ferreira, sendo dirigida pelo padre Samuel Guedes, vice-postulador da Causa de Canoniza\u00e7\u00e3o e Beatifica\u00e7\u00e3o.<\/p>\n<p>\u201cA Funda\u00e7\u00e3o n\u00e3o tem fins lucrativos, mas apenas fins religiosos\u201d, assinala uma nota enviada \u00e0 Ag\u00eancia ECCLESIA.<\/p>\n<p>A organiza\u00e7\u00e3o visa \u201ccooperar e apoiar\u201d a Postula\u00e7\u00e3o da Causa de Canoniza\u00e7\u00e3o de S\u00edlvia Cardoso, divulgando a sua espiritualidade e promovendo a devo\u00e7\u00e3o a esta figura, al\u00e9m de \u201cpromover e comercializar publica\u00e7\u00f5es, estudos e objetos religiosos\u201d.<\/p>\n<p style=\"text-align: justify;\">\n<p style=\"text-align: justify;\">Fonte: Ag\u00eancia Ecclesia<\/p>\n","protected":false},"excerpt":{"rendered":"<p>D. Ant\u00f4nio Francisco dos Santos anunciou institui\u00e7\u00e3o no dia de anivers\u00e1rio da leiga, em processo de beatifica\u00e7\u00e3o Pa\u00e7os de Ferreira, 27 jul 2017 (Ecclesia) &#8211; O bispo do Porto, D. Ant\u00f4nio Francisco dos Santos, Bispo do Porto, instituiu canonicamente esta quarta-feira a Funda\u00e7\u00e3o S\u00edlvia Cardoso, que visa, entre outros objetivos, \u201cdifundir a vida e obra\u201d [&hellip;]<\/p>\n","protected":false},"author":1,"featured_media":33660,"comment_status":"open","ping_status":"closed","sticky":false,"template":"","format":"standard","meta":{"footnotes":""},"categories":[4],"tags":[],"class_list":["post-33659","post","type-post","status-publish","format-standard","has-post-thumbnail","hentry","category-cotidiano"],"_links":{"self":[{"href":"https:\/\/catolicanet.net\/wp-cnet\/wp-json\/wp\/v2\/posts\/33659","targetHints":{"allow":["GET"]}}],"collection":[{"href":"https:\/\/catolicanet.net\/wp-cnet\/wp-json\/wp\/v2\/posts"}],"about":[{"href":"https:\/\/catolicanet.net\/wp-cnet\/wp-json\/wp\/v2\/types\/post"}],"author":[{"embeddable":true,"href":"https:\/\/catolicanet.net\/wp-cnet\/wp-json\/wp\/v2\/users\/1"}],"replies":[{"embeddable":true,"href":"https:\/\/catolicanet.net\/wp-cnet\/wp-json\/wp\/v2\/comments?post=33659"}],"version-history":[{"count":1,"href":"https:\/\/catolicanet.net\/wp-cnet\/wp-json\/wp\/v2\/posts\/33659\/revisions"}],"predecessor-version":[{"id":33661,"href":"https:\/\/catolicanet.net\/wp-cnet\/wp-json\/wp\/v2\/posts\/33659\/revisions\/33661"}],"wp:featuredmedia":[{"embeddable":true,"href":"https:\/\/catolicanet.net\/wp-cnet\/wp-json\/wp\/v2\/media\/33660"}],"wp:attachment":[{"href":"https:\/\/catolicanet.net\/wp-cnet\/wp-json\/wp\/v2\/media?parent=33659"}],"wp:term":[{"taxonomy":"category","embeddable":true,"href":"https:\/\/catolicanet.net\/wp-cnet\/wp-json\/wp\/v2\/categories?post=33659"},{"taxonomy":"post_tag","embeddable":true,"href":"https:\/\/catolicanet.net\/wp-cnet\/wp-json\/wp\/v2\/tags?post=33659"}],"curies":[{"name":"wp","href":"https:\/\/api.w.org\/{rel}","templated":true}]}}