{"id":33634,"date":"2017-07-27T09:20:23","date_gmt":"2017-07-27T12:20:23","guid":{"rendered":"http:\/\/catolicanet.net\/wp-cnet\/?p=33634"},"modified":"2017-07-28T09:26:30","modified_gmt":"2017-07-28T12:26:30","slug":"novas-imagens-da-virgem-de-lourdes-substituem-as-destruidas-pelo-isis-no-iraque","status":"publish","type":"post","link":"https:\/\/catolicanet.net\/wp-cnet\/novas-imagens-da-virgem-de-lourdes-substituem-as-destruidas-pelo-isis-no-iraque\/","title":{"rendered":"Novas imagens da Virgem de Lourdes substituem as destru\u00eddas pelo ISIS no Iraque"},"content":{"rendered":"<p style=\"text-align: justify;\">Roma,\u00a0 Como um gesto para dar esperan\u00e7a aos crist\u00e3os no Iraque, de 20 a 25 de julho, uma organiza\u00e7\u00e3o francesa est\u00e1 colocando em diversas aldeias da Plan\u00edcie de N\u00ednive novas imagens de Nossa Senhora de Lourdes para substituir as que foram destru\u00eddas pelos terroristas do Estado Isl\u00e2mico (ISIS).<\/p>\n<p>O envio das imagens da Fran\u00e7a foi uma iniciativa da organiza\u00e7\u00e3o de ajuda francesa Oeuvre d\u00b4Orient, a partir de uma viagem que o seu diretor, Pe. Pascal Gollnish, realizou ao Iraque em janeiro.<\/p>\n<p>Atrav\u00e9s de um comunicado publicado em seu site, a organiza\u00e7\u00e3o assinalou que Pe. Gollnish \u201cficou particularmente impactado pelo saque das igrejas e santu\u00e1rios na Plan\u00edcie de N\u00ednive, pela destrui\u00e7\u00e3o sistem\u00e1tica das cruzes e ao ver as imagens de Jesus e da Virgem Maria decapitadas\u201d.<\/p>\n<p>Indicaram que ap\u00f3s a liberta\u00e7\u00e3o das aldeias na Plan\u00edcie de N\u00ednive do controle do ISIS em outubro de 2016, alguns crist\u00e3os regressaram e uma das primeiras coisas que fizeram em seus lares, igrejas e neg\u00f3cios destru\u00eddos foi \u201ccolocar suas cruzes, s\u00edmbolos de vida, s\u00edmbolos de ressurrei\u00e7\u00e3o nesses lugares\u201d.<\/p>\n<p>Para continuar com o sentido dessa pr\u00e1tica, a organiza\u00e7\u00e3o levou em mar\u00e7o deste ano 15 imagens de Nossa Senhora de Lourdes ao santu\u00e1rio na Fran\u00e7a. Ali, foram aben\u00e7oadas pelo Bispo de Tarbes e Lourdes, Dom Nicol\u00e1s Jean Ren\u00e9 Brouwet, e enviaram-nas ao Iraque.<\/p>\n<p>As imagens foram aben\u00e7oadas em Erbil no dia 20 de julho por alguns bispos iraquianos, como o Arcebispo s\u00edrio-cat\u00f3lico de Mossul, Kirkut e Curdist\u00e3o, Dom Yohanno Petros Moshe, e o Arcebispo de Erbil, Dom Bashar Mati Warda. Tamb\u00e9m esteve presente na cerim\u00f4nia um sacerdote enviado pela organiza\u00e7\u00e3o francesa, Pe. Rodolphe Vigneron. Depois, as est\u00e1tuas partiram para seu destino.<\/p>\n<p>Atualmente, uma delega\u00e7\u00e3o de Oeuvre d\u00b4Orient est\u00e1 instalando as imagens em igrejas, santu\u00e1rios, mosteiros ou lugares p\u00fablicos nas aldeias de Karamalesh, Bartella, Teleskuf, Batnaya, Bakofa, Bashika, Barzani e Qaraqosh.<\/p>\n<p>Esta organiza\u00e7\u00e3o indicou que nas cerim\u00f4nias que s\u00e3o celebradas para colocar as est\u00e1tuas participam bispos, sacerdotes, leigos, religiosos e religiosas que ficaram nas aldeias ou que regressaram depois de viver como refugiados em outras partes como a cidade de Erbil, localizada no Curdist\u00e3o iraquiano.<\/p>\n<p>\u201cReceber as est\u00e1tuas \u00e9 uma bela novidade, uma nova etapa. Isso nos ajudar\u00e1 a reconstruir a esperan\u00e7a. A esperan\u00e7a de que podemos regressar. Temos confian\u00e7a na M\u00e3e de Jesus. Estas imagens de Lourdes aqui nos proteger\u00e3o\u201d, indicou um dos fi\u00e9is a Oeuvre d\u00b4Orient.<\/p>\n<p>No \u00faltimo dia 9 de julho, a cidade de Mossul, localizada no norte do Iraque, foi declarada livre do controle do ISIS, depois de tr\u00eas anos em que este grupo extremista mu\u00e7ulmanos a tornou em seu basti\u00e3o de guerra.<\/p>\n<p>Antes da invas\u00e3o do Estado Isl\u00e2mico em junho de 2014,Mossul era uma das cidades iraquianas onde vivia a maior quantidade de crist\u00e3os. Muitos tiveram que abandonar a cidade porque os jihadistas os amea\u00e7avam de morte caso se recusassem a se converter ao isl\u00e3 ou os for\u00e7avam a pagar um imposto de submiss\u00e3o.<\/p>\n<p>Um grande n\u00famero de crist\u00e3os que viviam nos povoados da Plan\u00edcie de N\u00ednive tamb\u00e9m tiveram que fugir.<\/p>\n<p>Em declara\u00e7\u00f5es ao Grupo ACI, o chefe da miss\u00e3o da organiza\u00e7\u00e3o de ajuda francesa SOS Chr\u00e9tiens d\u2019Orient (SOS Crist\u00e3os do Oriente) no Iraque, Tanneguy Roblin, indicou que a recupera\u00e7\u00e3o de Mossul significa para os crist\u00e3os \u201ca queda do ISIS em seu pa\u00eds\u201d e que a Plan\u00edcie de N\u00ednive est\u00e1 \u201cquase libertada em sua totalidade\u201d.<\/p>\n<p>Embora as condi\u00e7\u00f5es de vida sejam complicadas para os crist\u00e3os na regi\u00e3o, porque suas aldeias est\u00e3o destru\u00eddas, o Patriarca Caldeu, Dom Rafael Louis Sako, lhes\u00a0 pediu que regressem \u201cpara tomar suas terras antes que outro o fa\u00e7a\u201d e que se unam para ajudar a construir a paz no pa\u00eds.<\/p>\n<p>A Funda\u00e7\u00e3o Pontif\u00edcia Ajuda \u00e0 Igreja que Sofre tamb\u00e9m est\u00e1 executando um projeto para reconstruir cerca de 13 mil casas crist\u00e3s que ficaram danificadas ou destru\u00eddas pelo Estado Isl\u00e2mico na Plan\u00edcie de N\u00ednive.<\/p>\n<p style=\"text-align: justify;\">\n<p style=\"text-align: justify;\">Fonte: Acidigital<\/p>\n","protected":false},"excerpt":{"rendered":"<p>Roma,\u00a0 Como um gesto para dar esperan\u00e7a aos crist\u00e3os no Iraque, de 20 a 25 de julho, uma organiza\u00e7\u00e3o francesa est\u00e1 colocando em diversas aldeias da Plan\u00edcie de N\u00ednive novas imagens de Nossa Senhora de Lourdes para substituir as que foram destru\u00eddas pelos terroristas do Estado Isl\u00e2mico (ISIS). O envio das imagens da Fran\u00e7a foi [&hellip;]<\/p>\n","protected":false},"author":1,"featured_media":33635,"comment_status":"open","ping_status":"closed","sticky":false,"template":"","format":"standard","meta":{"footnotes":""},"categories":[4],"tags":[],"class_list":["post-33634","post","type-post","status-publish","format-standard","has-post-thumbnail","hentry","category-cotidiano"],"_links":{"self":[{"href":"https:\/\/catolicanet.net\/wp-cnet\/wp-json\/wp\/v2\/posts\/33634","targetHints":{"allow":["GET"]}}],"collection":[{"href":"https:\/\/catolicanet.net\/wp-cnet\/wp-json\/wp\/v2\/posts"}],"about":[{"href":"https:\/\/catolicanet.net\/wp-cnet\/wp-json\/wp\/v2\/types\/post"}],"author":[{"embeddable":true,"href":"https:\/\/catolicanet.net\/wp-cnet\/wp-json\/wp\/v2\/users\/1"}],"replies":[{"embeddable":true,"href":"https:\/\/catolicanet.net\/wp-cnet\/wp-json\/wp\/v2\/comments?post=33634"}],"version-history":[{"count":1,"href":"https:\/\/catolicanet.net\/wp-cnet\/wp-json\/wp\/v2\/posts\/33634\/revisions"}],"predecessor-version":[{"id":33636,"href":"https:\/\/catolicanet.net\/wp-cnet\/wp-json\/wp\/v2\/posts\/33634\/revisions\/33636"}],"wp:featuredmedia":[{"embeddable":true,"href":"https:\/\/catolicanet.net\/wp-cnet\/wp-json\/wp\/v2\/media\/33635"}],"wp:attachment":[{"href":"https:\/\/catolicanet.net\/wp-cnet\/wp-json\/wp\/v2\/media?parent=33634"}],"wp:term":[{"taxonomy":"category","embeddable":true,"href":"https:\/\/catolicanet.net\/wp-cnet\/wp-json\/wp\/v2\/categories?post=33634"},{"taxonomy":"post_tag","embeddable":true,"href":"https:\/\/catolicanet.net\/wp-cnet\/wp-json\/wp\/v2\/tags?post=33634"}],"curies":[{"name":"wp","href":"https:\/\/api.w.org\/{rel}","templated":true}]}}