{"id":33631,"date":"2017-07-26T18:08:32","date_gmt":"2017-07-26T21:08:32","guid":{"rendered":"http:\/\/catolicanet.net\/wp-cnet\/?p=33631"},"modified":"2017-07-28T09:20:24","modified_gmt":"2017-07-28T12:20:24","slug":"a-igreja-do-piaui-no-coracao-da-amazonia-parte-ii","status":"publish","type":"post","link":"https:\/\/catolicanet.net\/wp-cnet\/a-igreja-do-piaui-no-coracao-da-amazonia-parte-ii\/","title":{"rendered":"A Igreja do Piau\u00ed &#8220;no cora\u00e7\u00e3o da Amaz\u00f4nia&#8221;, parte II"},"content":{"rendered":"<p style=\"text-align: justify;\">Cidade do Vaticano (RV) \u2013 A Igreja na Amaz\u00f4nia \u00e9 leiga: Faltam padres; os leigos a assumem as comunidades e fazem at\u00e9 a celebra\u00e7\u00e3o da Palavra. Este foi um dos aspectos mais destacados pelos participantes da miss\u00e3o \u201cNo cora\u00e7\u00e3o da Amaz\u00f4nia\u201d, que levou 12 seminaristas do Piau\u00ed \u00e0 Prelazia de Borba, no Amazonas por um m\u00eas, vivendo nas aldeias, ao lado dos \u00edndios e ribeirinhos.<\/p>\n<p>As idas e vindas nos rios, o curso sereno de suas \u00e1guas, a exuber\u00e2ncia da natureza, os olhares, os sorrisos, a acolhida sincera est\u00e3o eternizados em seus cora\u00e7\u00f5es.<\/p>\n<p>\u201cUma experi\u00eancia que marcou a voca\u00e7\u00e3o dos seminaristas, imprimindo neles uma \u2018identidade mission\u00e1ria\u2019, afirma o Pe. Wellistony, que com o Padre Daniel, conduziu a miss\u00e3o em Borba.<\/p>\n<p>\u201cEncontramos comunidades muito pequenas e isoladas, pessoas que tiveram a imensa alegria de receber os mission\u00e1rios e sentir o calor e a amizade dos padres e seminaristas do Piau\u00ed. Visitar cada casa, aben\u00e7oar as fam\u00edlias, fazer encontros de forma\u00e7\u00e3o e celebrar a Eucaristia t\u00eam sido o nosso cotidiano. Cada visita \u00e9 uma oportunidade de encontrar um mundo novo, pessoas com experi\u00eancias fant\u00e1sticas e hist\u00f3rias que juntas d\u00e3o um livro\u201d, escreve.<\/p>\n<p>O seminarista Francisco Ramirez, de Picos, relata o seu dia a dia durante o m\u00eas em meio \u00e0s comunidades de Borba e revela como viveu esta primeira experi\u00eancia mission\u00e1ria.<\/p>\n<p style=\"text-align: justify;\">\n<p style=\"text-align: justify;\"><a href=\"http:\/\/media02.radiovaticana.va\/audio\/audio2\/mp3\/00588882.mp3\">Clique aqui para ouvir:<\/a><\/p>\n<p style=\"text-align: justify;\">\n<p style=\"text-align: justify;\">Fonte: R\u00e1dio Vaticano<\/p>\n","protected":false},"excerpt":{"rendered":"<p>Cidade do Vaticano (RV) \u2013 A Igreja na Amaz\u00f4nia \u00e9 leiga: Faltam padres; os leigos a assumem as comunidades e fazem at\u00e9 a celebra\u00e7\u00e3o da Palavra. Este foi um dos aspectos mais destacados pelos participantes da miss\u00e3o \u201cNo cora\u00e7\u00e3o da Amaz\u00f4nia\u201d, que levou 12 seminaristas do Piau\u00ed \u00e0 Prelazia de Borba, no Amazonas por um [&hellip;]<\/p>\n","protected":false},"author":1,"featured_media":33632,"comment_status":"open","ping_status":"closed","sticky":false,"template":"","format":"standard","meta":{"footnotes":""},"categories":[3],"tags":[],"class_list":["post-33631","post","type-post","status-publish","format-standard","has-post-thumbnail","hentry","category-vaticano"],"_links":{"self":[{"href":"https:\/\/catolicanet.net\/wp-cnet\/wp-json\/wp\/v2\/posts\/33631","targetHints":{"allow":["GET"]}}],"collection":[{"href":"https:\/\/catolicanet.net\/wp-cnet\/wp-json\/wp\/v2\/posts"}],"about":[{"href":"https:\/\/catolicanet.net\/wp-cnet\/wp-json\/wp\/v2\/types\/post"}],"author":[{"embeddable":true,"href":"https:\/\/catolicanet.net\/wp-cnet\/wp-json\/wp\/v2\/users\/1"}],"replies":[{"embeddable":true,"href":"https:\/\/catolicanet.net\/wp-cnet\/wp-json\/wp\/v2\/comments?post=33631"}],"version-history":[{"count":1,"href":"https:\/\/catolicanet.net\/wp-cnet\/wp-json\/wp\/v2\/posts\/33631\/revisions"}],"predecessor-version":[{"id":33633,"href":"https:\/\/catolicanet.net\/wp-cnet\/wp-json\/wp\/v2\/posts\/33631\/revisions\/33633"}],"wp:featuredmedia":[{"embeddable":true,"href":"https:\/\/catolicanet.net\/wp-cnet\/wp-json\/wp\/v2\/media\/33632"}],"wp:attachment":[{"href":"https:\/\/catolicanet.net\/wp-cnet\/wp-json\/wp\/v2\/media?parent=33631"}],"wp:term":[{"taxonomy":"category","embeddable":true,"href":"https:\/\/catolicanet.net\/wp-cnet\/wp-json\/wp\/v2\/categories?post=33631"},{"taxonomy":"post_tag","embeddable":true,"href":"https:\/\/catolicanet.net\/wp-cnet\/wp-json\/wp\/v2\/tags?post=33631"}],"curies":[{"name":"wp","href":"https:\/\/api.w.org\/{rel}","templated":true}]}}