{"id":33628,"date":"2017-07-26T16:44:27","date_gmt":"2017-07-26T19:44:27","guid":{"rendered":"http:\/\/catolicanet.net\/wp-cnet\/?p=33628"},"modified":"2017-07-28T09:15:38","modified_gmt":"2017-07-28T12:15:38","slug":"papa-na-colombia-indios-preparam-veste-liturgica-especial-para-francisco","status":"publish","type":"post","link":"https:\/\/catolicanet.net\/wp-cnet\/papa-na-colombia-indios-preparam-veste-liturgica-especial-para-francisco\/","title":{"rendered":"Papa na Col\u00f4mbia: \u00edndios preparam veste lit\u00fargica especial para Francisco"},"content":{"rendered":"<p style=\"text-align: justify;\">Bogot\u00e1 (RV) \u2013 Um pequeno grupo de artes\u00e3os da comunidade ind\u00edgena Way\u00fau, da Col\u00f4mbia, est\u00e1 produzindo uma casula especial que ser\u00e1 usada pelo Papa Francisco em Bogot\u00e1 durante o primeiro dia da viagem apost\u00f3lica que far\u00e1 ao pa\u00eds, de 6 a 10 de setembro. O povo Way\u00fau, com cerca de 200 mil \u00edndios e considerado um dos grupos ind\u00edgenas mais numerosos da Col\u00f4mbia, mora nas terras semi\u00e1ridas do norte do pa\u00eds.<\/p>\n<p style=\"text-align: justify;\"><a href=\"http:\/\/media02.radiovaticana.va\/audio\/audio2\/mp3\/00590553.mp3\">Clique aqui para ouvir:<\/a><\/p>\n<p style=\"text-align: justify;\">Segundo o diretor do comit\u00ea lit\u00fargico da visita papal, Pe. Juan David Muriel, \u201cum dos objetivos \u00e9 incluir todas as cores e s\u00edmbolos nacionais da flora e da cultura, e, elementos coloridos e vistosos, mas inseridos de uma forma elegante e s\u00f3bria\u201d. \u201cA Santa S\u00e9 nos pediu muita luminosidade, brilho, folclore e m\u00fasica\u201d, acrescentou o sacerdote.<\/p>\n<p>Durante o percurso do pont\u00edfice pelas cidades de Bogot\u00e1, Villavicencio, Medell\u00edn e Cartagena, o Papa vai usar ornamentos, produzidos especialmente por artes\u00e3os locais, nas vestes lit\u00fargicas das quatro grandes celebra\u00e7\u00f5es eucar\u00edsticas que ir\u00e1 presidir.<\/p>\n<p>O Pe. Juan\u00a0 tamb\u00e9m comentou que as lojas que fabricam as vestes lit\u00fargicas na Col\u00f4mbia est\u00e3o trabalhando com todo vapor para acabar de confeccionar centenas de ornamentos, estolas e mitras que ser\u00e3o utilizados pelo concelebrantes nas missas presididas pelo Papa.<\/p>\n<p style=\"text-align: justify;\">\n<p style=\"text-align: justify;\">Fonte: R\u00e1dio Vaticano<\/p>\n","protected":false},"excerpt":{"rendered":"<p>Bogot\u00e1 (RV) \u2013 Um pequeno grupo de artes\u00e3os da comunidade ind\u00edgena Way\u00fau, da Col\u00f4mbia, est\u00e1 produzindo uma casula especial que ser\u00e1 usada pelo Papa Francisco em Bogot\u00e1 durante o primeiro dia da viagem apost\u00f3lica que far\u00e1 ao pa\u00eds, de 6 a 10 de setembro. O povo Way\u00fau, com cerca de 200 mil \u00edndios e considerado [&hellip;]<\/p>\n","protected":false},"author":1,"featured_media":33629,"comment_status":"open","ping_status":"closed","sticky":false,"template":"","format":"standard","meta":{"footnotes":""},"categories":[3],"tags":[],"class_list":["post-33628","post","type-post","status-publish","format-standard","has-post-thumbnail","hentry","category-vaticano"],"_links":{"self":[{"href":"https:\/\/catolicanet.net\/wp-cnet\/wp-json\/wp\/v2\/posts\/33628","targetHints":{"allow":["GET"]}}],"collection":[{"href":"https:\/\/catolicanet.net\/wp-cnet\/wp-json\/wp\/v2\/posts"}],"about":[{"href":"https:\/\/catolicanet.net\/wp-cnet\/wp-json\/wp\/v2\/types\/post"}],"author":[{"embeddable":true,"href":"https:\/\/catolicanet.net\/wp-cnet\/wp-json\/wp\/v2\/users\/1"}],"replies":[{"embeddable":true,"href":"https:\/\/catolicanet.net\/wp-cnet\/wp-json\/wp\/v2\/comments?post=33628"}],"version-history":[{"count":1,"href":"https:\/\/catolicanet.net\/wp-cnet\/wp-json\/wp\/v2\/posts\/33628\/revisions"}],"predecessor-version":[{"id":33630,"href":"https:\/\/catolicanet.net\/wp-cnet\/wp-json\/wp\/v2\/posts\/33628\/revisions\/33630"}],"wp:featuredmedia":[{"embeddable":true,"href":"https:\/\/catolicanet.net\/wp-cnet\/wp-json\/wp\/v2\/media\/33629"}],"wp:attachment":[{"href":"https:\/\/catolicanet.net\/wp-cnet\/wp-json\/wp\/v2\/media?parent=33628"}],"wp:term":[{"taxonomy":"category","embeddable":true,"href":"https:\/\/catolicanet.net\/wp-cnet\/wp-json\/wp\/v2\/categories?post=33628"},{"taxonomy":"post_tag","embeddable":true,"href":"https:\/\/catolicanet.net\/wp-cnet\/wp-json\/wp\/v2\/tags?post=33628"}],"curies":[{"name":"wp","href":"https:\/\/api.w.org\/{rel}","templated":true}]}}