{"id":33610,"date":"2017-07-26T10:50:32","date_gmt":"2017-07-26T13:50:32","guid":{"rendered":"http:\/\/catolicanet.net\/wp-cnet\/?p=33610"},"modified":"2017-07-27T16:53:39","modified_gmt":"2017-07-27T19:53:39","slug":"iemen-enfrenta-pior-epidemia-de-colera-no-mundo","status":"publish","type":"post","link":"https:\/\/catolicanet.net\/wp-cnet\/iemen-enfrenta-pior-epidemia-de-colera-no-mundo\/","title":{"rendered":"I\u00e9men enfrenta pior epidemia de C\u00f3lera no mundo"},"content":{"rendered":"<p style=\"text-align: justify;\">No final de uma miss\u00e3o conjunta ao I\u00e9men, os directores gerais do UNICEF e da OMS, assim como o director executivo do PAM, declararam nesta quarta-feira, 26 de Julho, que aquele pa\u00eds da Pen\u00ednsula Ar\u00e1bica est\u00e1 a atravessar uma das piores epidemias de c\u00f3lera no mundo. Dados apresentados\u00a0 por estas organiza\u00e7\u00f5es das Na\u00e7\u00f5es Unidas mostram que s\u00f3 nos \u00faltimos tr\u00eas meses deste ano foram registados 400.000 casos suspeitos de c\u00f3lera e cerca de 1.900 mortes associadas a esta doen\u00e7a.<\/p>\n<p>Este intenso surto de c\u00f3lera surge no \u00e2mbito da grave crise humanit\u00e1ria que o I\u00e9men est\u00e1 a viver desde h\u00e1 bastante tempo. Mais de 60% da popula\u00e7\u00e3o n\u00e3o tem alimenta\u00e7\u00e3o suficiente e dois milh\u00f5es de crian\u00e7as est\u00e3o em estado de m\u00e1 nutri\u00e7\u00e3o. No conjunto, 80% da popula\u00e7\u00e3o do pa\u00eds precisa de assist\u00eancia humanit\u00e1ria no campo alimentar e da sa\u00fade. De salientar que mais de 30 mil pessoas empregadas no sector da sa\u00fade n\u00e3o recebem o seu sal\u00e1rio h\u00e1 mais de 10 meses e trabalham apenas por dever. Apelam, por isso, as autoridades a enfrentarem esta situa\u00e7\u00e3o com urg\u00eancia a fim de evitar outras mortes.<\/p>\n<p>Devido a esta situa\u00e7\u00e3o no sector da sa\u00fade e por falta de subs\u00eddios, as organiza\u00e7\u00f5es humanit\u00e1rias encontram muitas dificuldades para reverter este quadro sombrio.<\/p>\n<p>Numa declara\u00e7\u00e3o conjunta no final da sua miss\u00e3o a UNICEF, o PAM e a OMS disseram que realizaram essa miss\u00e3o comum ao I\u00e9men para verem com os pr\u00f3prio olhos as dimens\u00f5es desta crise humanit\u00e1ria e planificar um empenho conjunto para ajudar as pessoas no pa\u00eds.<\/p>\n<p>Os respons\u00e1veis das organiza\u00e7\u00f5es disseram ainda que no seu encontro com os l\u00edderes do I\u00e9men, pediram que seja garantido o acesso dos operadores humanit\u00e1rios \u00e0s \u00e1reas afectadas pela guerra e que seja encontrada uma solu\u00e7\u00e3o pacifica para o conflito.<\/p>\n<p>Pediram tamb\u00e9m \u00e0 comunidade internacional para multiplicar o seu apoio a popula\u00e7\u00e3o do I\u00e9men, pois que se nada for feito agora, corre-se o risco de se perder mais vidas humanas e comprometer, deste modo, o futuro das pr\u00f3ximas gera\u00e7\u00f5es e do pa\u00eds todo.<\/p>\n<p style=\"text-align: justify;\">\n<p style=\"text-align: justify;\">Fonte: R\u00e1dio Vaticano<\/p>\n","protected":false},"excerpt":{"rendered":"<p>No final de uma miss\u00e3o conjunta ao I\u00e9men, os directores gerais do UNICEF e da OMS, assim como o director executivo do PAM, declararam nesta quarta-feira, 26 de Julho, que aquele pa\u00eds da Pen\u00ednsula Ar\u00e1bica est\u00e1 a atravessar uma das piores epidemias de c\u00f3lera no mundo. Dados apresentados\u00a0 por estas organiza\u00e7\u00f5es das Na\u00e7\u00f5es Unidas mostram [&hellip;]<\/p>\n","protected":false},"author":1,"featured_media":33611,"comment_status":"open","ping_status":"closed","sticky":false,"template":"","format":"standard","meta":{"footnotes":""},"categories":[3],"tags":[],"class_list":["post-33610","post","type-post","status-publish","format-standard","has-post-thumbnail","hentry","category-vaticano"],"_links":{"self":[{"href":"https:\/\/catolicanet.net\/wp-cnet\/wp-json\/wp\/v2\/posts\/33610","targetHints":{"allow":["GET"]}}],"collection":[{"href":"https:\/\/catolicanet.net\/wp-cnet\/wp-json\/wp\/v2\/posts"}],"about":[{"href":"https:\/\/catolicanet.net\/wp-cnet\/wp-json\/wp\/v2\/types\/post"}],"author":[{"embeddable":true,"href":"https:\/\/catolicanet.net\/wp-cnet\/wp-json\/wp\/v2\/users\/1"}],"replies":[{"embeddable":true,"href":"https:\/\/catolicanet.net\/wp-cnet\/wp-json\/wp\/v2\/comments?post=33610"}],"version-history":[{"count":1,"href":"https:\/\/catolicanet.net\/wp-cnet\/wp-json\/wp\/v2\/posts\/33610\/revisions"}],"predecessor-version":[{"id":33612,"href":"https:\/\/catolicanet.net\/wp-cnet\/wp-json\/wp\/v2\/posts\/33610\/revisions\/33612"}],"wp:featuredmedia":[{"embeddable":true,"href":"https:\/\/catolicanet.net\/wp-cnet\/wp-json\/wp\/v2\/media\/33611"}],"wp:attachment":[{"href":"https:\/\/catolicanet.net\/wp-cnet\/wp-json\/wp\/v2\/media?parent=33610"}],"wp:term":[{"taxonomy":"category","embeddable":true,"href":"https:\/\/catolicanet.net\/wp-cnet\/wp-json\/wp\/v2\/categories?post=33610"},{"taxonomy":"post_tag","embeddable":true,"href":"https:\/\/catolicanet.net\/wp-cnet\/wp-json\/wp\/v2\/tags?post=33610"}],"curies":[{"name":"wp","href":"https:\/\/api.w.org\/{rel}","templated":true}]}}