{"id":3359,"date":"2013-11-08T15:12:36","date_gmt":"2013-11-08T17:12:36","guid":{"rendered":"http:\/\/catolicanet.net\/wp-cnet\/origem-do-universo-e-tema-de-simposio-na-gregoriana\/"},"modified":"2017-03-23T10:37:29","modified_gmt":"2017-03-23T13:37:29","slug":"origem-do-universo-e-tema-de-simposio-na-gregoriana","status":"publish","type":"post","link":"https:\/\/catolicanet.net\/wp-cnet\/origem-do-universo-e-tema-de-simposio-na-gregoriana\/","title":{"rendered":"Origem do Universo \u00e9 tema de simp\u00f3sio na Gregoriana"},"content":{"rendered":"<p style=\"text-align: justify;\"><img decoding=\"async\" src=\"http:\/\/catolicanet.com.br\/images\/stories\/universo.jpg\" border=\"0\" align=\"left\" \/>A Pontif\u00edcia Universidade Gregoriana, em colabora\u00e7\u00e3o com a Specola Vaticana, promove um Simp\u00f3sio de pesquisa dedicado ao in\u00edcio e ao fim do Universo. A ser realizado em dois dias \u2013 11 de novembro de 2013 e 31 de mar\u00e7o de 2014 -, o encontro pretende debater orienta\u00e7\u00f5es cient\u00edficas, filos\u00f3ficas e teol\u00f3gicas a respeito do tema.<\/p>\n<p>A quest\u00e3o ligada \u00e0 origem far\u00e1 parte do primeiro encontro, a ser realizado em 11 de novembro, com in\u00edcio \u00e0s 16 horas. Em recente entrevista, o sacerdote Louis Caruana, docente de Filosofia da Ci\u00eancia e da Natureza, na Pontif\u00edcia Universidade Gregoriana, em Roma, sublinhou a import\u00e2ncia da abordagem interdisciplinar adotada. \u201c\u00c0s vezes \u2013 explicou o jesu\u00edta malt\u00eas ao site Aleteia.org \u2013 podemos escutar cientistas que falam em modo filos\u00f3fico e teol\u00f3gico, outras vezes podemos ter fil\u00f3sofos que falam da ci\u00eancia. O ideal, todavia, seria sempre que os especialistas falassem das pr\u00f3prias disciplinas\u201d. Em fun\u00e7\u00e3o disto, houve o desejo de interpelar experts dos tr\u00eas diversos setores, tanto no que tange ao in\u00edcio do Universo, quanto ao seu fim.<\/p>\n<p>No encontro da pr\u00f3xima segunda-feira participar\u00e3o: o pesquisador jesu\u00edta Gabriele Gionti, da Specola Vaticana sobre \u2018Big-Bang, a sua evolu\u00e7\u00e3o hist\u00f3rica e algumas considera\u00e7\u00f5es provenientes das teorias de gravidade qu\u00e2ntica\u2019; o professor \u013dubo\u0161 Rojka, da Faculdade de Filosofia da Gregoriana, abordando o tema \u2018O in\u00edcio do Universo: o argumento cosmol\u00f3gico kal\u00e3m\u2019 e a professora Michelina Tenace, Diretora do Departamento de Teologia Fundamental da Gregoriana, sobre \u2018Criador e cria\u00e7\u00e3o: o significado teol\u00f3gico hoje da creatio ex nihilo\u2019.<\/p>\n<p>O Simp\u00f3sio insere-se, por outro lado, no horizonte de reforma do Primeiro Ciclo da Faculdade de Filosofia da Gregoriana que, adequando-se ao Processo de Bolonha, integrou o percurso de estudos proposto, com o aprofundamento obrigat\u00f3rio de uma das ci\u00eancias matem\u00e1ticas, naturais ou humanas. \u201cA rela\u00e7\u00e3o entre f\u00e9 e ci\u00eancia \u2013 explica Padre Caruana \u2013 \u00e9 entendida em termos de di\u00e1logo entre os pais da cultura. O di\u00e1logo \u00e9 sempre prefer\u00edvel \u00e0 indiferen\u00e7a. Na hist\u00f3ria este di\u00e1logo sempre existiu, de um modo ou de outro. Nestes \u00faltimos dez anos foi dedicada uma aten\u00e7\u00e3o especial, sobretudo gra\u00e7as ao Papado de Jo\u00e3o Paulo II e \u00e0 sua Enc\u00edclica Fides et ratio. Existe ainda muito a ser feito, mesmo porque a ci\u00eancia continua sempre progredindo\u201d.<\/p>\n<p style=\"text-align: justify;\">\u00a0<\/p>\n<p style=\"text-align: justify;\"><strong>Local: Roma<br \/>Fonte: R\u00e1dio Vaticano<\/strong><\/p>\n","protected":false},"excerpt":{"rendered":"<p>A Pontif\u00edcia Universidade Gregoriana, em colabora\u00e7\u00e3o com a Specola Vaticana, promove um Simp\u00f3sio de pesquisa dedicado ao in\u00edcio e ao fim do Universo. A ser realizado em dois dias \u2013 11 de novembro de 2013 e 31 de mar\u00e7o de 2014 -, o encontro pretende debater orienta\u00e7\u00f5es cient\u00edficas, filos\u00f3ficas e teol\u00f3gicas a respeito do tema. [&hellip;]<\/p>\n","protected":false},"author":1,"featured_media":0,"comment_status":"closed","ping_status":"closed","sticky":false,"template":"","format":"standard","meta":{"footnotes":""},"categories":[3],"tags":[],"class_list":["post-3359","post","type-post","status-publish","format-standard","hentry","category-vaticano"],"_links":{"self":[{"href":"https:\/\/catolicanet.net\/wp-cnet\/wp-json\/wp\/v2\/posts\/3359","targetHints":{"allow":["GET"]}}],"collection":[{"href":"https:\/\/catolicanet.net\/wp-cnet\/wp-json\/wp\/v2\/posts"}],"about":[{"href":"https:\/\/catolicanet.net\/wp-cnet\/wp-json\/wp\/v2\/types\/post"}],"author":[{"embeddable":true,"href":"https:\/\/catolicanet.net\/wp-cnet\/wp-json\/wp\/v2\/users\/1"}],"replies":[{"embeddable":true,"href":"https:\/\/catolicanet.net\/wp-cnet\/wp-json\/wp\/v2\/comments?post=3359"}],"version-history":[{"count":1,"href":"https:\/\/catolicanet.net\/wp-cnet\/wp-json\/wp\/v2\/posts\/3359\/revisions"}],"predecessor-version":[{"id":7510,"href":"https:\/\/catolicanet.net\/wp-cnet\/wp-json\/wp\/v2\/posts\/3359\/revisions\/7510"}],"wp:attachment":[{"href":"https:\/\/catolicanet.net\/wp-cnet\/wp-json\/wp\/v2\/media?parent=3359"}],"wp:term":[{"taxonomy":"category","embeddable":true,"href":"https:\/\/catolicanet.net\/wp-cnet\/wp-json\/wp\/v2\/categories?post=3359"},{"taxonomy":"post_tag","embeddable":true,"href":"https:\/\/catolicanet.net\/wp-cnet\/wp-json\/wp\/v2\/tags?post=3359"}],"curies":[{"name":"wp","href":"https:\/\/api.w.org\/{rel}","templated":true}]}}