{"id":3358,"date":"2013-11-08T12:43:18","date_gmt":"2013-11-08T14:43:18","guid":{"rendered":"http:\/\/catolicanet.net\/wp-cnet\/papa-responde-ao-grito-de-dor-da-africa\/"},"modified":"2017-03-23T10:37:49","modified_gmt":"2017-03-23T13:37:49","slug":"papa-responde-ao-grito-de-dor-da-africa","status":"publish","type":"post","link":"https:\/\/catolicanet.net\/wp-cnet\/papa-responde-ao-grito-de-dor-da-africa\/","title":{"rendered":"Papa responde ao grito de dor da \u00c1frica"},"content":{"rendered":"<p style=\"text-align: justify;\"><img decoding=\"async\" src=\"http:\/\/catolicanet.com.br\/images\/stories\/imagempapa.jpg\" border=\"0\" align=\"left\" \/>Chama-se Trinity Mission Hospital. Constru\u00eddo em Leseru, no Qu\u00eania, \u00e9 a \u00fanica estrutura na qual podem encontrar assist\u00eancia os mais de 21 mil habitantes da \u00e1rea rural de Turbo, na Diocese de Eldoret, que conta quase dois milh\u00f5es de habitantes, distribu\u00eddos em uma superf\u00edcie de mais de 9.000 quil\u00f4metros quadrados.<\/p>\n<p>O hospital foi inaugurado no final do m\u00eas de outubro passado, pelo Cardeal Robert Sarah, Presidente do Pontif\u00edcio Conselho Cor Unum, &#8211; entre os promotores do projeto -, inspirado pelas Irm\u00e3s Mission\u00e1rias do Catecismo e pelo m\u00e9dico sardo Dr. Giovanni Sanna, que trabalha naquela regi\u00e3o.<\/p>\n<p>Presente, entre outros, o N\u00fancio Apost\u00f3lico no Qu\u00eania, Arcebispo Charles Daniel Balvo, o Bispo de Eldoret, Dom Cornelius Kipng&#8217;eno Arap Korir, e as mais altas autoridades locais e nacionais.<\/p>\n<p style=\"text-align: justify;\"><strong><br \/><\/strong><\/p>\n<p style=\"text-align: justify;\"><strong>Local: Eldoret <br \/>Fonte: R\u00e1dio Vaticano<\/strong><\/p>\n","protected":false},"excerpt":{"rendered":"<p>Chama-se Trinity Mission Hospital. Constru\u00eddo em Leseru, no Qu\u00eania, \u00e9 a \u00fanica estrutura na qual podem encontrar assist\u00eancia os mais de 21 mil habitantes da \u00e1rea rural de Turbo, na Diocese de Eldoret, que conta quase dois milh\u00f5es de habitantes, distribu\u00eddos em uma superf\u00edcie de mais de 9.000 quil\u00f4metros quadrados. O hospital foi inaugurado no [&hellip;]<\/p>\n","protected":false},"author":1,"featured_media":0,"comment_status":"closed","ping_status":"closed","sticky":false,"template":"","format":"standard","meta":{"footnotes":""},"categories":[4],"tags":[],"class_list":["post-3358","post","type-post","status-publish","format-standard","hentry","category-cotidiano"],"_links":{"self":[{"href":"https:\/\/catolicanet.net\/wp-cnet\/wp-json\/wp\/v2\/posts\/3358","targetHints":{"allow":["GET"]}}],"collection":[{"href":"https:\/\/catolicanet.net\/wp-cnet\/wp-json\/wp\/v2\/posts"}],"about":[{"href":"https:\/\/catolicanet.net\/wp-cnet\/wp-json\/wp\/v2\/types\/post"}],"author":[{"embeddable":true,"href":"https:\/\/catolicanet.net\/wp-cnet\/wp-json\/wp\/v2\/users\/1"}],"replies":[{"embeddable":true,"href":"https:\/\/catolicanet.net\/wp-cnet\/wp-json\/wp\/v2\/comments?post=3358"}],"version-history":[{"count":1,"href":"https:\/\/catolicanet.net\/wp-cnet\/wp-json\/wp\/v2\/posts\/3358\/revisions"}],"predecessor-version":[{"id":7511,"href":"https:\/\/catolicanet.net\/wp-cnet\/wp-json\/wp\/v2\/posts\/3358\/revisions\/7511"}],"wp:attachment":[{"href":"https:\/\/catolicanet.net\/wp-cnet\/wp-json\/wp\/v2\/media?parent=3358"}],"wp:term":[{"taxonomy":"category","embeddable":true,"href":"https:\/\/catolicanet.net\/wp-cnet\/wp-json\/wp\/v2\/categories?post=3358"},{"taxonomy":"post_tag","embeddable":true,"href":"https:\/\/catolicanet.net\/wp-cnet\/wp-json\/wp\/v2\/tags?post=3358"}],"curies":[{"name":"wp","href":"https:\/\/api.w.org\/{rel}","templated":true}]}}