{"id":3356,"date":"2013-11-08T12:14:16","date_gmt":"2013-11-08T14:14:16","guid":{"rendered":"http:\/\/catolicanet.net\/wp-cnet\/a-dificil-tarefa-de-crescer\/"},"modified":"2017-03-23T10:38:37","modified_gmt":"2017-03-23T13:38:37","slug":"a-dificil-tarefa-de-crescer","status":"publish","type":"post","link":"https:\/\/catolicanet.net\/wp-cnet\/a-dificil-tarefa-de-crescer\/","title":{"rendered":"A dif\u00edcil tarefa de crescer"},"content":{"rendered":"<p style=\"text-align: center;\"><strong><img decoding=\"async\" src=\"http:\/\/catolicanet.com.br\/images\/stories\/meninadedosouvido.jpg\" border=\"0\" \/><br \/>Os adolescentes precisam de pais pacientes, que respeitem seus espa\u00e7os de intimidade, mas com a firmeza de um cora\u00e7\u00e3o que educa com amor<\/strong><\/p>\n<p style=\"text-align: justify;\">\u00c9 mais f\u00e1cil julg\u00e1-los que gui\u00e1-los; censur\u00e1-los que ilumin\u00e1-los; proibi-los que educ\u00e1-los. Sempre falamos deles como uma gera\u00e7\u00e3o cada vez mais decadente, filhos de um mundo superficial e que se transforma aceleradamente; dependentes da tecnologia, do sexo, do \u00f3cio e do t\u00e9dio. Mas n\u00e3o \u00e9 f\u00e1cil ser adolescente.<\/p>\n<p>Eles nos parecem cada vez mais estranhos, mais distantes, com uma brecha entre gera\u00e7\u00f5es quase intranspon\u00edvel e com um vocabul\u00e1rio que n\u00e3o \u00e9 f\u00e1cil de entender.<\/p>\n<p>Mas \u00e9 que \u00e0s vezes nem eles mesmos se entendem, pois crescer n\u00e3o \u00e9 simples. E n\u00e3o \u00e9 simples porque todo crescimento comporta sofrimento, uma metamorfose, e nenhuma mudan\u00e7a acontece tranquilamente, j\u00e1 que todas trazem consigo uma esp\u00e9cie de dor.<\/p>\n<p>A adolesc\u00eancia como tal implica em um padecimento (o termo &#8220;adolescente&#8221; vem do latim &#8220;adolescere&#8221;, &#8220;padecer&#8221;). Esta \u00e9poca de grandes mudan\u00e7as f\u00edsicas, emocionais, espirituais e psicol\u00f3gicas, na qual a pessoa \u00e9 estranha a si mesma e ao mundo, \u00e9 a idade do desconhecimento de si mesmo, pois se experimentam coisas novas, e o adolescente se sente como se estivesse no corpo de um alien\u00edgena.<\/p>\n<p>Nesta fase, come\u00e7am as mais fortes puls\u00f5es sexuais, como um fogo que devora, at\u00e9 abrasar a carne, e \u00e9 ent\u00e3o que se acredita que tudo o que se experimenta, afetiva ou emocionalmente, pode ser chamado de amor: a necessidade do outro, o enamoramento, a vontade de estar com, sentir saudade etc. N\u00e3o \u00e9 simples ser adolescente.<\/p>\n<p>S\u00e3o os anos do entusiasmo, da luta por conquistar uma liberdade que ainda n\u00e3o entendem e com a qual n\u00e3o sabem o que fazer para n\u00e3o acabar estragando a vida com suas decis\u00f5es; \u00e9 a fase de brigar com Deus para entronizar a raz\u00e3o, de rejeitar a f\u00e9 por achar que ela entra em conflito com a l\u00f3gica do pensamento novo que borbulha no pr\u00f3prio interior, que quer crescer e ser adulto.<\/p>\n<p>N\u00e3o \u00e9 f\u00e1cil sentir coisas &#8220;de adultos&#8221;, para as quais ainda n\u00e3o est\u00e3o preparados, nem tanta vontade de sexo e solidariedade, de altru\u00edsmo ef\u00eamero e de amor pela natureza.<\/p>\n<p>\u00c9 a idade da for\u00e7a f\u00edsica e da fraqueza emocional, dos desejos de mudar o mundo, deixando o pr\u00f3prio cora\u00e7\u00e3o intacto. N\u00e3o \u00e9 f\u00e1cil ser adolescente.<\/p>\n<p>S\u00e3o estranhos, sim. Estanhos sobretudo para si mesmos, e n\u00e3o aceitam reprova\u00e7\u00e3o, mas compreens\u00e3o; n\u00e3o aceitam censura, mas guia. E \u00e9 a\u00ed que os adultos podem estender-lhes a m\u00e3o para tornar um pouco menos dolorosa a tarefa de crescer.<\/p>\n<p>Eles n\u00e3o precisam que enchamos seus bolsos ou carteiras de preservativos, a cabe\u00e7a de broncas, o cora\u00e7\u00e3o de mais d\u00favidas e o ego de burlas.<\/p>\n<p>Os adolescentes precisam de pais pacientes, que saibam responder oportuna e adequadamente aos seus interrogantes, respeitando seus espa\u00e7os de intimidade; que saibam respeitar a intimidade das suas consci\u00eancias, mas ter a firmeza de um cora\u00e7\u00e3o que educa com amor e guia com a serena certeza de estar no caminho certo, em meio \u00e0s tempestades.<\/p>\n<p>Pais que n\u00e3o tenham medo das asas que crescem, e n\u00e3o recorram \u00e0 tesoura para mutilar sua vontade de voar. Porque eles precisam aprender a voar.<\/p>\n<p>Os adolescentes precisam de amigos da sua idade para perceber que n\u00e3o s\u00e3o \u00fanicos em sua &#8220;raridade&#8221;; mas tamb\u00e9m precisam de educadores que saibam acabar com o bullying quando as mudan\u00e7as de alguns sejam mais bruscas que dos outros.<\/p>\n<p>Precisam de mestres espirituais, homens e mulheres de Deus, que lhes mostrem um Senhor que n\u00e3o vem para obstaculizar seu anseio por liberdade, mas, pelo contr\u00e1rio, nele podem encarnar melhor o que significa erguer as asas rumo ao horizonte futuro.<\/p>\n<p>Mas tamb\u00e9m precisam ser pacientes, saber que toda esta dor passar\u00e1, que a pressa n\u00e3o traz mais do que cansa\u00e7o e desola\u00e7\u00e3o. Que aprendam a fazer coisas de adolescentes, que cultivem a amizade, ampliem seu c\u00edrculo afetivo, pois \u00e9 nele que surgem as maiores e nobres rela\u00e7\u00f5es do futuro fraterno.<\/p>\n<p>Enfim, que nunca se esque\u00e7am de que n\u00e3o se \u00e9 crian\u00e7a para sempre, nem adolescentes para sempre, nem jovens para sempre, nem adultos para sempre, nem mortos para sempre.<\/p>\n<p style=\"text-align: justify;\"><strong><br \/>Local: S\u00e3o Paulo (SP)<br \/>Fonte: ALETEIA<\/strong><\/p>\n","protected":false},"excerpt":{"rendered":"<p>Os adolescentes precisam de pais pacientes, que respeitem seus espa\u00e7os de intimidade, mas com a firmeza de um cora\u00e7\u00e3o que educa com amor \u00c9 mais f\u00e1cil julg\u00e1-los que gui\u00e1-los; censur\u00e1-los que ilumin\u00e1-los; proibi-los que educ\u00e1-los. Sempre falamos deles como uma gera\u00e7\u00e3o cada vez mais decadente, filhos de um mundo superficial e que se transforma aceleradamente; [&hellip;]<\/p>\n","protected":false},"author":1,"featured_media":0,"comment_status":"closed","ping_status":"closed","sticky":false,"template":"","format":"standard","meta":{"footnotes":""},"categories":[4],"tags":[],"class_list":["post-3356","post","type-post","status-publish","format-standard","hentry","category-cotidiano"],"_links":{"self":[{"href":"https:\/\/catolicanet.net\/wp-cnet\/wp-json\/wp\/v2\/posts\/3356","targetHints":{"allow":["GET"]}}],"collection":[{"href":"https:\/\/catolicanet.net\/wp-cnet\/wp-json\/wp\/v2\/posts"}],"about":[{"href":"https:\/\/catolicanet.net\/wp-cnet\/wp-json\/wp\/v2\/types\/post"}],"author":[{"embeddable":true,"href":"https:\/\/catolicanet.net\/wp-cnet\/wp-json\/wp\/v2\/users\/1"}],"replies":[{"embeddable":true,"href":"https:\/\/catolicanet.net\/wp-cnet\/wp-json\/wp\/v2\/comments?post=3356"}],"version-history":[{"count":1,"href":"https:\/\/catolicanet.net\/wp-cnet\/wp-json\/wp\/v2\/posts\/3356\/revisions"}],"predecessor-version":[{"id":7513,"href":"https:\/\/catolicanet.net\/wp-cnet\/wp-json\/wp\/v2\/posts\/3356\/revisions\/7513"}],"wp:attachment":[{"href":"https:\/\/catolicanet.net\/wp-cnet\/wp-json\/wp\/v2\/media?parent=3356"}],"wp:term":[{"taxonomy":"category","embeddable":true,"href":"https:\/\/catolicanet.net\/wp-cnet\/wp-json\/wp\/v2\/categories?post=3356"},{"taxonomy":"post_tag","embeddable":true,"href":"https:\/\/catolicanet.net\/wp-cnet\/wp-json\/wp\/v2\/tags?post=3356"}],"curies":[{"name":"wp","href":"https:\/\/api.w.org\/{rel}","templated":true}]}}