{"id":3353,"date":"2013-11-07T18:43:25","date_gmt":"2013-11-07T20:43:25","guid":{"rendered":"http:\/\/catolicanet.net\/wp-cnet\/encontro-continental-no-santuario-de-guadalupe-concluira-ano-da-fe\/"},"modified":"2017-03-23T10:39:39","modified_gmt":"2017-03-23T13:39:39","slug":"encontro-continental-no-santuario-de-guadalupe-concluira-ano-da-fe","status":"publish","type":"post","link":"https:\/\/catolicanet.net\/wp-cnet\/encontro-continental-no-santuario-de-guadalupe-concluira-ano-da-fe\/","title":{"rendered":"Encontro continental no Santu\u00e1rio de Guadalupe concluir\u00e1 Ano da F\u00e9"},"content":{"rendered":"<p style=\"text-align: justify;\"><img decoding=\"async\" src=\"http:\/\/catolicanet.com.br\/images\/stories\/criancacomvelas.jpg\" border=\"0\" align=\"left\" \/>Uma v\u00eddeo-mensagem do Papa Francisco dar\u00e1 in\u00edcio, em 16 de novembro, na Bas\u00edlica Nossa Senhora de Guadalupe, no M\u00e9xico, ao encontro \u201cNossa Senhora de Guadalupe, Estrela da Nova Evangeliza\u00e7\u00e3o nas Am\u00e9ricas\u201d. Ao evento continental, que concluir\u00e1 o Ano da F\u00e9, confirmaram presen\u00e7a mais de 350 pessoas, dos quais 80 Cardeais e Bispos provenientes de toda a Am\u00e9rica, muitos dos quais como relatores nos v\u00e1rios grupos de trabalho.<\/p>\n<p>Uma nota enviada \u00e0 Ag\u00eancia Fides pelos organizadores do evento \u2013 Pontif\u00edcia Comiss\u00e3o para a Am\u00e9rica Latina, Bas\u00edlica de Guadalupe, Cavaleiros de Colombo e Instituto Superior de Estudos Guadalupanos \u2013 menciona alguns dos temas a serem tratados durante os tr\u00eas dias de trabalhos, entre os quais \u201cO significado do pontificado do Papa Francisco para o continente\u201d, \u201cA Nova Evangeliza\u00e7\u00e3o e a Miss\u00e3o Continental na Am\u00e9rica Latina\u201d, \u201cO papel da Virgem de Guadalupe na miss\u00e3o de evangeliza\u00e7\u00e3o\u201d.<\/p>\n<p>Outras quest\u00f5es importantes a serem abordadas dizem respeito \u00e0 coopera\u00e7\u00e3o e \u00e0 comunh\u00e3o entre as Igrejas locais em toda Am\u00e9rica, \u00e0 cultura e \u00e0 sociedade e o tema de Maria \u201cM\u00e3e da Igreja\u201d, no contexto do 50\u00ba anivers\u00e1rio do Conc\u00edlio Vaticano II.<\/p>\n<p>Os temas que est\u00e3o gerando particulares expectativas s\u00e3o aqueles ligados \u00e0 religiosidade popular, \u00e0 assim chamada \u2018emerg\u00eancia educativa\u2019, ao matrim\u00f4nio e \u00e0 fam\u00edlia, juntamente \u00e0s quest\u00f5es que dizem respeito aos pol\u00edticos e \u00e0s autoridades do continente, \u00e0 forma\u00e7\u00e3o do clero, \u00e0s miss\u00f5es, ao ecumenismo, os catequistas e as atividades sociais e caritativas da Igreja.<\/p>\n<p>Para as quatro confer\u00eancias principais, as celebra\u00e7\u00f5es lit\u00fargicas, o \u201cRos\u00e1rio de Guadalupe\u201d e o \u201cRos\u00e1rio continental\u201d, est\u00e1 prevista a participa\u00e7\u00e3o de mais de 500 pessoas, al\u00e9m dos inscritos.<\/p>\n<p>As celebra\u00e7\u00f5es eucar\u00edsticas, por sua vez, acolher\u00e3o tamb\u00e9m os milhares de peregrinos que visitam o Santu\u00e1rio diariamente e que ser\u00e3o especialmente convidados a acompanhar o evento e a rezar pelos seus frutos.<\/p>\n<p style=\"text-align: justify;\">\u00a0<\/p>\n<p style=\"text-align: justify;\"><strong>Local: Cidade do M\u00e9xico<br \/>Fonte: R\u00e1dio Vaticano<\/strong><\/p>\n","protected":false},"excerpt":{"rendered":"<p>Uma v\u00eddeo-mensagem do Papa Francisco dar\u00e1 in\u00edcio, em 16 de novembro, na Bas\u00edlica Nossa Senhora de Guadalupe, no M\u00e9xico, ao encontro \u201cNossa Senhora de Guadalupe, Estrela da Nova Evangeliza\u00e7\u00e3o nas Am\u00e9ricas\u201d. Ao evento continental, que concluir\u00e1 o Ano da F\u00e9, confirmaram presen\u00e7a mais de 350 pessoas, dos quais 80 Cardeais e Bispos provenientes de toda [&hellip;]<\/p>\n","protected":false},"author":1,"featured_media":0,"comment_status":"closed","ping_status":"closed","sticky":false,"template":"","format":"standard","meta":{"footnotes":""},"categories":[3],"tags":[],"class_list":["post-3353","post","type-post","status-publish","format-standard","hentry","category-vaticano"],"_links":{"self":[{"href":"https:\/\/catolicanet.net\/wp-cnet\/wp-json\/wp\/v2\/posts\/3353","targetHints":{"allow":["GET"]}}],"collection":[{"href":"https:\/\/catolicanet.net\/wp-cnet\/wp-json\/wp\/v2\/posts"}],"about":[{"href":"https:\/\/catolicanet.net\/wp-cnet\/wp-json\/wp\/v2\/types\/post"}],"author":[{"embeddable":true,"href":"https:\/\/catolicanet.net\/wp-cnet\/wp-json\/wp\/v2\/users\/1"}],"replies":[{"embeddable":true,"href":"https:\/\/catolicanet.net\/wp-cnet\/wp-json\/wp\/v2\/comments?post=3353"}],"version-history":[{"count":1,"href":"https:\/\/catolicanet.net\/wp-cnet\/wp-json\/wp\/v2\/posts\/3353\/revisions"}],"predecessor-version":[{"id":7515,"href":"https:\/\/catolicanet.net\/wp-cnet\/wp-json\/wp\/v2\/posts\/3353\/revisions\/7515"}],"wp:attachment":[{"href":"https:\/\/catolicanet.net\/wp-cnet\/wp-json\/wp\/v2\/media?parent=3353"}],"wp:term":[{"taxonomy":"category","embeddable":true,"href":"https:\/\/catolicanet.net\/wp-cnet\/wp-json\/wp\/v2\/categories?post=3353"},{"taxonomy":"post_tag","embeddable":true,"href":"https:\/\/catolicanet.net\/wp-cnet\/wp-json\/wp\/v2\/tags?post=3353"}],"curies":[{"name":"wp","href":"https:\/\/api.w.org\/{rel}","templated":true}]}}