{"id":33407,"date":"2017-07-21T11:13:51","date_gmt":"2017-07-21T14:13:51","guid":{"rendered":"http:\/\/catolicanet.net\/wp-cnet\/?p=33407"},"modified":"2017-07-21T13:23:29","modified_gmt":"2017-07-21T16:23:29","slug":"primeiro-sacerdote-ordenado-apos-martirio-do-pe-hamel-sera-outro-pe-hamel","status":"publish","type":"post","link":"https:\/\/catolicanet.net\/wp-cnet\/primeiro-sacerdote-ordenado-apos-martirio-do-pe-hamel-sera-outro-pe-hamel\/","title":{"rendered":"Primeiro sacerdote ordenado ap\u00f3s mart\u00edrio do pe. Hamel ser\u00e1 outro pe. Hamel!"},"content":{"rendered":"<p style=\"text-align: justify;\">Lembra do padre Jacques Hamel, martirizado na Fran\u00e7a? Vem a\u00ed, na mesma diocese, o padre Julien Hamel!<\/p>\n<p>N\u00e3o h\u00e1 rela\u00e7\u00e3o familiar entre o padre Julien Hamel, de 25 anos, e o padre Jacques Hamel, martirizado em 26 de julho de 2016 aos 86 anos de idade. Hamel \u00e9 um sobrenome comum na Normandia, a regi\u00e3o francesa onde ocorreu o b\u00e1rbaro assassinato do sacerdote anci\u00e3o, h\u00e1 quase um ano. Mesmo assim, Julien ficou, naturalmente, estarrecido com a despropor\u00e7\u00e3o entre a viol\u00eancia dos agressores e a fragilidade de um idoso; entre o absurdo de massacrar em nome da \u201cguerra santa\u201d e a singeleza heroica de um sacerdote indefeso que celebrava a Santa Missa para quatro pessoas desarmadas.<\/p>\n<p>Relembre este acontecimento que chocou o mundo cat\u00f3lico:<\/p>\n<p style=\"text-align: justify;\">\nJacques Hamel, primeiro padre m\u00e1rtir na Europa assassinado por terroristas\u00a0Diante da viol\u00eancia \u201cem nome da f\u00e9\u201d, por\u00e9m, o pe. Julien, que j\u00e1 \u00e9 di\u00e1cono, afirma:<\/p>\n<p style=\"text-align: justify;\"><img decoding=\"async\" class=\"alignright\" src=\"http:\/\/www.catolicanet.com.br\/images\/stories\/noticias2017\/messehamel.jpg\" align=\"right\" border=\"0\" \/>\u201cN\u00f3s continuaremos celebrando a Santa Missa durante a semana toda. Afinal, os riscos est\u00e3o em toda parte\u201d.\u00a0Ele n\u00e3o se v\u00ea como \u201caspirante a m\u00e1rtir\u201d e observa: \u201cVoc\u00ea n\u00e3o sai por a\u00ed procurando o mart\u00edrio\u201d. Mas est\u00e1 disposto a viver a voca\u00e7\u00e3o com tudo o que Deus vier a lhe pedir.<\/p>\n<p>Seminarista em Issy-les-Moulineaux, ele est\u00e1 no \u00faltimo ano de estudos antes de ser ordenado presb\u00edtero \u201cse tudo correr bem\u201d. O pe. Julien Hamel ser\u00e1 sacerdote diocesano em Rouen e ir\u00e1 para onde for necess\u00e1rio:<\/p>\n<p>\u201cN\u00e3o estou construindo castelos no ar. Quero me colocar a servi\u00e7o dos nossos paroquianos, mas irei para onde o meu bispo me enviar\u201d, explica, com simplicidade.<\/p>\n<p>O desejo de entregar inteiramente a vida a Deus veio do \u201cterreno f\u00e9rtil da fam\u00edlia\u201d, assegura o pe. Julien, mas acrescenta que a experi\u00eancia de ajudar nas missas foi decisiva para que a semente da voca\u00e7\u00e3o se enraizasse. Gra\u00e7as \u00e0 sua proximidade do altar, ele foi adentrando o mist\u00e9rio da Eucaristia. A decis\u00e3o de se tornar padre come\u00e7ou a surgir na 8\u00aa s\u00e9rie: ele n\u00e3o contou a ningu\u00e9m, exceto a dois sacerdotes que lhe deram orienta\u00e7\u00e3o espiritual no col\u00e9gio para discernir se aquela era mesmo a sua voca\u00e7\u00e3o. S\u00f3 quando estava na faculdade \u00e9 que o jovem confiou sua decis\u00e3o \u00e0 fam\u00edlia.<\/p>\n<p>\u201cEra importante n\u00e3o \u2018publicar\u2019 aquela vontade cedo demais, para respeitar a minha pr\u00f3pria liberdade\u201d sem sujeit\u00e1-la a press\u00f5es e influ\u00eancias desnecess\u00e1rias.<\/p>\n<p>O semin\u00e1rio n\u00e3o parecia longo, declara ele: \u201cNem vi passarem aqueles seis anos!\u201d. Durante esse per\u00edodo de forma\u00e7\u00e3o e discernimento, a voca\u00e7\u00e3o foi sendo confirmada.<\/p>\n<p>\u201cH\u00e1 v\u00e1rias etapas numa voca\u00e7\u00e3o. Na maioria das vezes, voc\u00ea se identifica primeiramente com um padre com quem gostaria de parecer. Depois, vai se separando gradualmente dessa refer\u00eancia humana e se tornando um homem dedicado \u00e0 Igreja, completamente entregue a Deus\u201d.<\/p>\n<p>O pe. Julien Hamel foi ordenado di\u00e1cono em 2 de julho deste ano, um domingo, na igreja de S\u00e3o Pedro de Roncherolles-en-Bray. Quem o ordenou foi o arcebispo de Rouen, dom Dominique Lebrun, que tamb\u00e9m tinha presidido o funeral do padre m\u00e1rtir Jacques Hamel.<\/p>\n<p>&nbsp;<\/p>\n<p style=\"text-align: justify;\">\n<p style=\"text-align: justify;\">Fonte: Aleteia<\/p>\n","protected":false},"excerpt":{"rendered":"<p>Lembra do padre Jacques Hamel, martirizado na Fran\u00e7a? Vem a\u00ed, na mesma diocese, o padre Julien Hamel! N\u00e3o h\u00e1 rela\u00e7\u00e3o familiar entre o padre Julien Hamel, de 25 anos, e o padre Jacques Hamel, martirizado em 26 de julho de 2016 aos 86 anos de idade. Hamel \u00e9 um sobrenome comum na Normandia, a regi\u00e3o [&hellip;]<\/p>\n","protected":false},"author":1,"featured_media":33408,"comment_status":"open","ping_status":"closed","sticky":false,"template":"","format":"standard","meta":{"footnotes":""},"categories":[4],"tags":[],"class_list":["post-33407","post","type-post","status-publish","format-standard","has-post-thumbnail","hentry","category-cotidiano"],"_links":{"self":[{"href":"https:\/\/catolicanet.net\/wp-cnet\/wp-json\/wp\/v2\/posts\/33407","targetHints":{"allow":["GET"]}}],"collection":[{"href":"https:\/\/catolicanet.net\/wp-cnet\/wp-json\/wp\/v2\/posts"}],"about":[{"href":"https:\/\/catolicanet.net\/wp-cnet\/wp-json\/wp\/v2\/types\/post"}],"author":[{"embeddable":true,"href":"https:\/\/catolicanet.net\/wp-cnet\/wp-json\/wp\/v2\/users\/1"}],"replies":[{"embeddable":true,"href":"https:\/\/catolicanet.net\/wp-cnet\/wp-json\/wp\/v2\/comments?post=33407"}],"version-history":[{"count":1,"href":"https:\/\/catolicanet.net\/wp-cnet\/wp-json\/wp\/v2\/posts\/33407\/revisions"}],"predecessor-version":[{"id":33409,"href":"https:\/\/catolicanet.net\/wp-cnet\/wp-json\/wp\/v2\/posts\/33407\/revisions\/33409"}],"wp:featuredmedia":[{"embeddable":true,"href":"https:\/\/catolicanet.net\/wp-cnet\/wp-json\/wp\/v2\/media\/33408"}],"wp:attachment":[{"href":"https:\/\/catolicanet.net\/wp-cnet\/wp-json\/wp\/v2\/media?parent=33407"}],"wp:term":[{"taxonomy":"category","embeddable":true,"href":"https:\/\/catolicanet.net\/wp-cnet\/wp-json\/wp\/v2\/categories?post=33407"},{"taxonomy":"post_tag","embeddable":true,"href":"https:\/\/catolicanet.net\/wp-cnet\/wp-json\/wp\/v2\/tags?post=33407"}],"curies":[{"name":"wp","href":"https:\/\/api.w.org\/{rel}","templated":true}]}}