{"id":33391,"date":"2017-07-19T12:00:34","date_gmt":"2017-07-19T15:00:34","guid":{"rendered":"http:\/\/catolicanet.net\/wp-cnet\/?p=33391"},"modified":"2017-07-21T11:48:23","modified_gmt":"2017-07-21T14:48:23","slug":"fatima-peregrinacao-nacional-da-pastoral-penitenciaria-levou-mensagem-de-esperanca-aos-reclusos","status":"publish","type":"post","link":"https:\/\/catolicanet.net\/wp-cnet\/fatima-peregrinacao-nacional-da-pastoral-penitenciaria-levou-mensagem-de-esperanca-aos-reclusos\/","title":{"rendered":"F\u00e1tima: Peregrina\u00e7\u00e3o Nacional da Pastoral Penitenci\u00e1ria levou mensagem de esperan\u00e7a aos reclusos"},"content":{"rendered":"<p style=\"text-align: justify;\">Iniciativa associou-se \u00e0s celebra\u00e7\u00f5es do Centen\u00e1rio das Apari\u00e7\u00f5es<\/p>\n<p>F\u00e1tima, 19 jul 2017 (Ecclesia) &#8211; A Pastoral Penitenci\u00e1ria em Portugal promoveu a sua segunda Peregrina\u00e7\u00e3o Nacional a F\u00e1tima, que neste ano do Centen\u00e1rio das Apari\u00e7\u00f5es quis deixar uma mensagem de esperan\u00e7a aos reclusos do pa\u00eds.<\/p>\n<p>\u201cNo ano do Centen\u00e1rio das Apari\u00e7\u00f5es, a Pastoral Penitenci\u00e1ria de Portugal quis tornar presentes junto de Nossa Senhora de F\u00e1tima, M\u00e3e da Esperan\u00e7a e da Paz, os Reclusos e Reclusas que n\u00e3o podem estar a\u00ed fisicamente presentes\u201d, refere um comunicado deste servi\u00e7o da Igreja Cat\u00f3lica.<\/p>\n<p>Do Programa deste domingo constou um momento de acolhimento no \u00c1trio do Semin\u00e1rio do Verbo Divino, seguido de uma Peregrina\u00e7\u00e3o conjunta at\u00e9 \u00e0 Bas\u00edlica da Sant\u00edssima Trindade onde decorreu a Eucaristia presidida por D. Joaquim Mendes, bispo auxiliar de Lisboa.<\/p>\n<p>\u201cEsta Peregrina\u00e7\u00e3o, mais do que uma mera ida ou caminhada at\u00e9 F\u00e1tima, pretendeu recordar a todos os envolvidos que a vida \u00e9 uma longa caminhada que cada um \u00e9 chamado a percorrer, de p\u00e9, com os olhos voltados para a frente e para o alto e onde todos t\u00eam o direito de sonhar, de recriar o tempo, de alimentar esperan\u00e7as, de alcan\u00e7ar a liberdade\u201d, adianta a Pastoral Penitenci\u00e1ria.<\/p>\n<p>A iniciativa teve como tema \u2018Com Maria, Peregrinos na Esperan\u00e7a e na Paz\u2019 e envolveu cerca de catorze mil pessoas que se encontram atualmente em Portugal em situa\u00e7\u00e3o de priva\u00e7\u00e3o de liberdade e seus familiares, os dirigentes, os guardas prisionais, os t\u00e9cnicos, bem como os assistentes espirituais e religiosos prisionais, os colaboradores, os volunt\u00e1rios e os simpatizantes da Pastoral Penitenci\u00e1ria.<\/p>\n<p style=\"text-align: justify;\">Fonte: Ag\u00eancia Ecclesia<\/p>\n","protected":false},"excerpt":{"rendered":"<p>Iniciativa associou-se \u00e0s celebra\u00e7\u00f5es do Centen\u00e1rio das Apari\u00e7\u00f5es F\u00e1tima, 19 jul 2017 (Ecclesia) &#8211; A Pastoral Penitenci\u00e1ria em Portugal promoveu a sua segunda Peregrina\u00e7\u00e3o Nacional a F\u00e1tima, que neste ano do Centen\u00e1rio das Apari\u00e7\u00f5es quis deixar uma mensagem de esperan\u00e7a aos reclusos do pa\u00eds. \u201cNo ano do Centen\u00e1rio das Apari\u00e7\u00f5es, a Pastoral Penitenci\u00e1ria de Portugal [&hellip;]<\/p>\n","protected":false},"author":1,"featured_media":33392,"comment_status":"open","ping_status":"closed","sticky":false,"template":"","format":"standard","meta":{"footnotes":""},"categories":[4,13],"tags":[],"class_list":["post-33391","post","type-post","status-publish","format-standard","has-post-thumbnail","hentry","category-cotidiano","category-featured"],"_links":{"self":[{"href":"https:\/\/catolicanet.net\/wp-cnet\/wp-json\/wp\/v2\/posts\/33391","targetHints":{"allow":["GET"]}}],"collection":[{"href":"https:\/\/catolicanet.net\/wp-cnet\/wp-json\/wp\/v2\/posts"}],"about":[{"href":"https:\/\/catolicanet.net\/wp-cnet\/wp-json\/wp\/v2\/types\/post"}],"author":[{"embeddable":true,"href":"https:\/\/catolicanet.net\/wp-cnet\/wp-json\/wp\/v2\/users\/1"}],"replies":[{"embeddable":true,"href":"https:\/\/catolicanet.net\/wp-cnet\/wp-json\/wp\/v2\/comments?post=33391"}],"version-history":[{"count":2,"href":"https:\/\/catolicanet.net\/wp-cnet\/wp-json\/wp\/v2\/posts\/33391\/revisions"}],"predecessor-version":[{"id":33394,"href":"https:\/\/catolicanet.net\/wp-cnet\/wp-json\/wp\/v2\/posts\/33391\/revisions\/33394"}],"wp:featuredmedia":[{"embeddable":true,"href":"https:\/\/catolicanet.net\/wp-cnet\/wp-json\/wp\/v2\/media\/33392"}],"wp:attachment":[{"href":"https:\/\/catolicanet.net\/wp-cnet\/wp-json\/wp\/v2\/media?parent=33391"}],"wp:term":[{"taxonomy":"category","embeddable":true,"href":"https:\/\/catolicanet.net\/wp-cnet\/wp-json\/wp\/v2\/categories?post=33391"},{"taxonomy":"post_tag","embeddable":true,"href":"https:\/\/catolicanet.net\/wp-cnet\/wp-json\/wp\/v2\/tags?post=33391"}],"curies":[{"name":"wp","href":"https:\/\/api.w.org\/{rel}","templated":true}]}}