{"id":33384,"date":"2017-07-21T10:32:12","date_gmt":"2017-07-21T13:32:12","guid":{"rendered":"http:\/\/catolicanet.net\/wp-cnet\/?p=33384"},"modified":"2017-07-21T11:58:47","modified_gmt":"2017-07-21T14:58:47","slug":"papa-concede-ano-jubilar-a-irmas-clarissas-de-soria","status":"publish","type":"post","link":"https:\/\/catolicanet.net\/wp-cnet\/papa-concede-ano-jubilar-a-irmas-clarissas-de-soria\/","title":{"rendered":"Papa concede Ano Jubilar a Irm\u00e3s Clarissas de S\u00f3ria"},"content":{"rendered":"<p style=\"text-align: justify;\">Madrid (RV) &#8211; O Papa Francisco, por meio da Penitenciaria Apost\u00f3lica, concedeu um Ano Jubilar \u00e0s Irm\u00e3s Clarissas de S\u00f3ria, Espanha.<\/p>\n<p style=\"text-align: justify;\"><a href=\"http:\/\/media02.radiovaticana.va\/audio\/audio2\/mp3\/00589938.mp3\">Clique aqui para ouvir:<\/a><\/p>\n<p style=\"text-align: justify;\">O Pont\u00edfice autorizou a celebra\u00e7\u00e3o por ocasi\u00e3o dos 75 anos da exposi\u00e7\u00e3o permanente de Jesus Eucar\u00edstico.<\/p>\n<p>Este tempo de gra\u00e7a ser\u00e1 aberto pelo Bispo de Osma-Soria, Dom Abilio Mart\u00ednez Varea, na sexta-feira 11 de agosto, festividade de Santa Clara de Assis e se prolongar\u00e1 at\u00e9 11 de agosto de 2018.<\/p>\n<p>Para organizar e coordenar as atividades deste ano festivo, o bispo nomeou um delegado episcopal, o presb\u00edtero diocesano Rub\u00e9n Tejedor Mont\u00f3n.<\/p>\n<p>Sant\u00edssimo Sacramento exposto 24 horas<\/p>\n<p>Foi a ent\u00e3o Abadessa da comunidade &#8211; a hoje Vener\u00e1vel Madre Clara S\u00e1nchez de la Concepci\u00f3n &#8211; que viu a necessidade de manter permanente exposto o Sant\u00edssimo Sacramento em sua comunidade de irm\u00e3s pobres de Santa Clara.<\/p>\n<p>Assim, desde 11 de agosto de 1942, Jesus Eucar\u00edstico \u00e9 adorado dia e noite, permanecendo a Igreja de Santo Domingo de S\u00f3ria aberta das 7 da manh\u00e3 \u00e0s 9 da noite.<\/p>\n<p>&#8220;S\u00e3o muitas as pessoas que neste templo, diante da Eucaristia, encontram paz e consolo&#8221;, explicou o bispado.<\/p>\n<p>Incentivar a adora\u00e7\u00e3o a Jesus Eucar\u00edstico<\/p>\n<p>A comunidade das Irm\u00e3s Clarissas destacou que, por ocasi\u00e3o da celebra\u00e7\u00e3o destes 75 anos, deseja estender e incentivar a adora\u00e7\u00e3o e o amor a Jesus Sacramentado, e atrair muitas almas para ele, para que possam usufruir e enriquecer-se da gra\u00e7a jubilar.<\/p>\n<p>&#8220;N\u00f3s nos rejubilamos nos ideais que deixou Madre Clara, declarada Vener\u00e1vel em 3 de abril de 2014. Ela viveu neste convento desde 1922 at\u00e9 1973, ano em que faleceu repentinamente, e o Esp\u00edrito Santo infundiu nela um amor ardente por Jesus na Eucaristia e para retornar \u00e0s fontes do carismas clariano&#8221;, afirmou uma religiosa da comunidade.<\/p>\n<p>O Bispado, por sua vez, sublinhou que depois de passar priva\u00e7\u00f5es e viver na pobreza, depois de ter superado inumer\u00e1veis dificuldades, Madre Clara recebeu a permiss\u00e3o do bispo para a exposi\u00e7\u00e3o permanente do Sant\u00edssimo.<\/p>\n<p>O in\u00edcio<\/p>\n<p>Assim, naquele 11 de agosto de 1942 teve in\u00edcio a exposi\u00e7\u00e3o permanente do Sant\u00edssimo e desde ent\u00e3o a Comunidade das Clarissas, os fi\u00e9is sorianos e muitos visitantes da cidade que conhecem e amam a Eucaristia, &#8220;vem \u00e0 nossa Igreja de Santo Domingo para adorar a Jesus Sacramentado&#8221;.<\/p>\n<p>Com a celebra\u00e7\u00e3o deste Ano Jubilar, se pretende que os fi\u00e9is de toda a Diocese aprofundem a f\u00e9 e busquem uma maior aproxima\u00e7\u00e3o aos Sacramentos, em especial o da Reconcilia\u00e7\u00e3o e a Eucaristia.<\/p>\n<p>Ademais, durante o Ano Jubilar, se poder\u00e1 lucrar a Indulg\u00eancia Plen\u00e1ria peregrinando \u00e0 Igreja de Santo Domingo de S\u00f3ria e rezando diante de Jesus Eucar\u00edstico e cumprindo as condi\u00e7\u00f5es estabelecidas, como a Confiss\u00e3o sacramental, comunh\u00e3o e ora\u00e7\u00e3o nas inten\u00e7\u00f5es do Sumo Pont\u00edfice.<\/p>\n<p>\u201cAqui o amor \u00e9 amado\u201d<\/p>\n<p>&#8220;Aqu\u00ed el Amor es amado&#8221; ser\u00e1 o lema do Ano Jubilar. Esta frase era pronunciada pela Vener\u00e1vel Madre Clara diante do clamor de S\u00e3o Francisco de Assis que, sofrendo pela indiferen\u00e7a de muitos, repetia frequentemente: &#8220;O amor n\u00e3o \u00e9 amado!&#8221;.<\/p>\n<p>Para o Ano Jubilar o Bispado prepara um intenso programa para &#8220;dar a conhecer o culto eucar\u00edstico no Mosteiro e a figura providencial da Madre Clara, aproximar muitas pessoas de Cristo e dar a conhecer a sua vida e carisma&#8221;.<\/p>\n<p>Cerca de cem irm\u00e3s formam esta comunidade de Clarissas, divididas em cinco conventos: 54 em S\u00f3ria (onde ingressar\u00e1 outra jovem de Toledo nos pr\u00f3ximos dias), 14 em Valdemoro (Madrid), dez em Medinaceli, 12 em Zimbabwe e seis em Mo\u00e7ambique, onde nos \u00faltimos meses ingressaram duas jovens mo\u00e7ambicanas.<\/p>\n<p style=\"text-align: justify;\">Fonte: R\u00e1dio Vaticano<\/p>\n","protected":false},"excerpt":{"rendered":"<p>Madrid (RV) &#8211; O Papa Francisco, por meio da Penitenciaria Apost\u00f3lica, concedeu um Ano Jubilar \u00e0s Irm\u00e3s Clarissas de S\u00f3ria, Espanha. Clique aqui para ouvir: O Pont\u00edfice autorizou a celebra\u00e7\u00e3o por ocasi\u00e3o dos 75 anos da exposi\u00e7\u00e3o permanente de Jesus Eucar\u00edstico. Este tempo de gra\u00e7a ser\u00e1 aberto pelo Bispo de Osma-Soria, Dom Abilio Mart\u00ednez Varea, [&hellip;]<\/p>\n","protected":false},"author":1,"featured_media":33385,"comment_status":"open","ping_status":"closed","sticky":false,"template":"","format":"standard","meta":{"footnotes":""},"categories":[13,3],"tags":[],"class_list":["post-33384","post","type-post","status-publish","format-standard","has-post-thumbnail","hentry","category-featured","category-vaticano"],"_links":{"self":[{"href":"https:\/\/catolicanet.net\/wp-cnet\/wp-json\/wp\/v2\/posts\/33384","targetHints":{"allow":["GET"]}}],"collection":[{"href":"https:\/\/catolicanet.net\/wp-cnet\/wp-json\/wp\/v2\/posts"}],"about":[{"href":"https:\/\/catolicanet.net\/wp-cnet\/wp-json\/wp\/v2\/types\/post"}],"author":[{"embeddable":true,"href":"https:\/\/catolicanet.net\/wp-cnet\/wp-json\/wp\/v2\/users\/1"}],"replies":[{"embeddable":true,"href":"https:\/\/catolicanet.net\/wp-cnet\/wp-json\/wp\/v2\/comments?post=33384"}],"version-history":[{"count":2,"href":"https:\/\/catolicanet.net\/wp-cnet\/wp-json\/wp\/v2\/posts\/33384\/revisions"}],"predecessor-version":[{"id":33387,"href":"https:\/\/catolicanet.net\/wp-cnet\/wp-json\/wp\/v2\/posts\/33384\/revisions\/33387"}],"wp:featuredmedia":[{"embeddable":true,"href":"https:\/\/catolicanet.net\/wp-cnet\/wp-json\/wp\/v2\/media\/33385"}],"wp:attachment":[{"href":"https:\/\/catolicanet.net\/wp-cnet\/wp-json\/wp\/v2\/media?parent=33384"}],"wp:term":[{"taxonomy":"category","embeddable":true,"href":"https:\/\/catolicanet.net\/wp-cnet\/wp-json\/wp\/v2\/categories?post=33384"},{"taxonomy":"post_tag","embeddable":true,"href":"https:\/\/catolicanet.net\/wp-cnet\/wp-json\/wp\/v2\/tags?post=33384"}],"curies":[{"name":"wp","href":"https:\/\/api.w.org\/{rel}","templated":true}]}}