{"id":33373,"date":"2017-07-21T10:03:34","date_gmt":"2017-07-21T13:03:34","guid":{"rendered":"http:\/\/catolicanet.net\/wp-cnet\/?p=33373"},"modified":"2017-07-21T11:18:18","modified_gmt":"2017-07-21T14:18:18","slug":"i-roda-de-conversa-descriminacao-da-mulher-em-especial-a-da-raca-negra","status":"publish","type":"post","link":"https:\/\/catolicanet.net\/wp-cnet\/i-roda-de-conversa-descriminacao-da-mulher-em-especial-a-da-raca-negra\/","title":{"rendered":"I Roda de Conversa \u201cDescrimina\u00e7\u00e3o da mulher em especial a da ra\u00e7a negra\u201d"},"content":{"rendered":"<p style=\"text-align: justify;\">Em alguns momentos durante a Semana Mission\u00e1ria, a Comiss\u00e3o Episcopal Pastoral para a Juventude da CNBB prop\u00f5e que os jovens realizem\u00a0 Rodas de Conversas sobre temas relevantes da realidade brasileira. O primeiro dos temas propostos \u00e9 \u201cDescrimina\u00e7\u00e3o da mulher em especial a da ra\u00e7a negra\u201d. Trata-se de um problema desafiador na cultura e no modo de agir dos brasileiros. Em mensagem da Presid\u00eancia da Confer\u00eancia dos Bispos por ocasi\u00e3o do Dia Internacional da Mulher, em 2015, os bispos j\u00e1 afirmavam: \u201cA todos, tamb\u00e9m \u00e0 Igreja, cabe o dever de assumir a luta das mulheres negras, pescadoras, dom\u00e9sticas, ciganas, catadoras, camponesas, quilombolas, oper\u00e1rias, marisqueiras, prostitu\u00eddas, ribeirinhas, encarceradas, ind\u00edgenas, migrantes, donas de casa e de tantas outras que vivem a dolorosa experi\u00eancia da invisibilidade social\u201c.<\/p>\n<p>O salesiano Pe. Jurandyr Azevedo Ara\u00fajo, por muito tempo assessor da CNBB para a Pastoral Afro-brasileira tem trabalho publicado com alguns elementos importantes para a Roda de Conversa da Semana Mission\u00e1ria. O artigo traz um um olhar sobre a caminhada da pastoral Afro-brasileira no Brasil e ao lembrar que um dos prop\u00f3sitos a motivar solicitude da Igreja, apresenta a preocupa\u00e7\u00e3o com a quest\u00e3o da discrimina\u00e7\u00e3o ao afirmar que a pastoral existe para \u201cdar continuidade \u00e0 rica heran\u00e7a de experi\u00eancia e reflex\u00e3o pastoral na comunidades negras afro-brasileiras, para aprofundar a incultura\u00e7\u00e3o que acontece no contexto da cultura, contribuindo para a supera\u00e7\u00e3o de todos os preconceitos, discrimina\u00e7\u00f5es, reconhecendo os valores religiosos da cultura africana\u201c.<\/p>\n<p>\u00e0 Igreja, cabe o dever de assumir a luta das mulheres negras, pescadoras, dom\u00e9sticas, ciganas, catadoras, camponesas, quilombolas, oper\u00e1rias, marisqueiras, prostitu\u00eddas, ribeirinhas, encarceradas, ind\u00edgenas, migrantes, donas de casa<\/p>\n<p>Pe. Jurandyr Azevedo, assessor da Pastoral Afro-brasileira da CNBB<\/p>\n<p>Papa Francisco tem recordado os desafios e dificuldades que as mulheres t\u00eam de enfrentar em v\u00e1rias partes do mundo, principalmente a discrimina\u00e7\u00e3o no trabalho e a viol\u00eancia dom\u00e9stica. Segundo a an\u00e1lise de suas palavras feita pela Ag\u00eancia Ecclesia, as mulheres \u201cainda s\u00e3o for\u00e7adas a escolher, muitas vezes, entre trabalho e fam\u00edlia; n\u00e3o raramente, s\u00e3o v\u00edtimas da viol\u00eancia na sua vida como noivas, mulheres, m\u00e3es, irm\u00e3s e av\u00f3s\u201d. Essa considera\u00e7\u00e3o foi feita pelo Papa ao se dirigir aos participantes na II Confer\u00eancia Internacional sobre as mulheres, organizada entre no final de maio de 2015 pelo Conselho Pontif\u00edcio Justi\u00e7a e Paz juntamente com a Uni\u00e3o Mundial das Organiza\u00e7\u00f5es Femininas Cat\u00f3licas (UMOFC) e a Alian\u00e7a Mundial das Mulheres pela Vida e a Fam\u00edlia (WWALF).<\/p>\n<p>O Papa ainda lembrou: \u201cNos pa\u00edses em vias de desenvolvimento e nos mais pobres s\u00e3o as mulheres que suportam o maior peso sobre os ombros; que percorrem quil\u00f4metros por dia em busca de \u00e1gua; que morrem ao dar \u00e0 luz um filho; que s\u00e3o sequestradas a fim de explora\u00e7\u00e3o sexual ou for\u00e7adas a casar demasiado jovens ou contra a sua vontade\u201d.\u00a0 O Papa elogia os \u201cdons incomensur\u00e1veis com os quais Deus enriqueceu a mulher\u201d, tornando-a \u201ccapaz de compreens\u00e3o e de di\u00e1logo\u201d, de \u201csensibilidade para curar as feridas e cuidar de todas as vidas\u201d. \u201cEstes aspetos, juntamente com outros, fazem parte do \u2018g\u00eanio feminino\u2019 que se tem de poder manifestar plenamente, em benef\u00edcio de toda a sociedade\u201d, concluiu.<\/p>\n<p>as mulheres \u201cainda s\u00e3o for\u00e7adas a escolher, muitas vezes, entre trabalho e fam\u00edlia; n\u00e3o raramente, s\u00e3o v\u00edtimas da viol\u00eancia na sua vida como noivas, mulheres, m\u00e3es, irm\u00e3s e av\u00f3s\u201d<\/p>\n<p>Papa Francisco<\/p>\n<p>De acordo com a Organiza\u00e7\u00e3o das Na\u00e7\u00f5es Unidas, hoje, 186 pa\u00edses ratificaram uma conven\u00e7\u00e3o internacional comprometendo-se a erradicar a discrimina\u00e7\u00e3o contra a mulher. Ainda segundo dados da ONU, cerca de 600 milh\u00f5es de mulheres no mundo, mais da metade das que trabalham fora, enfrentam uma situa\u00e7\u00e3o delicada no ambiente profissional. Muitas desempenham trabalhos prec\u00e1rios e s\u00e3o desamparadas pela legisla\u00e7\u00e3o trabalhista.<\/p>\n<p>A ag\u00eancia Patr\u00edcia Galv\u00e3o, que produz e divulga not\u00edcias, dados e conte\u00fados multim\u00eddia sobre os direitos das mulheres brasileiras, traz uma constata\u00e7\u00e3o que no cen\u00e1rio da discrimina\u00e7\u00e3o da mulher traz particular acento sobre o acontece com mulheres negras: \u201cMulheres e meninas negras, jovens e de minorias \u00e9tnicas sofrem viol\u00eancias de maneiras similares \u00e0s outras mulheres. Isso inclui ass\u00e9dio e abuso na inf\u00e2ncia, viol\u00eancia sexual, tr\u00e1fico e explora\u00e7\u00e3o, viol\u00eancia por parceiro \u00edntimo, entre outras. H\u00e1, no entanto, diferen\u00e7as em formas de viol\u00eancia que v\u00e3o atingir desproporcionalmente as mulheres ante a combina\u00e7\u00e3o de m\u00faltiplas formas de discrimina\u00e7\u00e3o, baseadas em sistemas de desigualdades que se retroalimentam \u2013 sobretudo de g\u00eanero, ra\u00e7a, etnia, classe e orienta\u00e7\u00e3o e identidade sexual\u201c.<\/p>\n<p>As Rodas de Conversa da Semana Mission\u00e1ria acontecem, nas noites, em v\u00e1rias cidades das 11 dioceses, depois da celebra\u00e7\u00e3o da Eucaristia.<\/p>\n<p style=\"text-align: justify;\">Fonte: CNBB<\/p>\n","protected":false},"excerpt":{"rendered":"<p>Em alguns momentos durante a Semana Mission\u00e1ria, a Comiss\u00e3o Episcopal Pastoral para a Juventude da CNBB prop\u00f5e que os jovens realizem\u00a0 Rodas de Conversas sobre temas relevantes da realidade brasileira. O primeiro dos temas propostos \u00e9 \u201cDescrimina\u00e7\u00e3o da mulher em especial a da ra\u00e7a negra\u201d. Trata-se de um problema desafiador na cultura e no modo [&hellip;]<\/p>\n","protected":false},"author":1,"featured_media":33374,"comment_status":"open","ping_status":"closed","sticky":false,"template":"","format":"standard","meta":{"footnotes":""},"categories":[7],"tags":[],"class_list":["post-33373","post","type-post","status-publish","format-standard","has-post-thumbnail","hentry","category-cnbb"],"_links":{"self":[{"href":"https:\/\/catolicanet.net\/wp-cnet\/wp-json\/wp\/v2\/posts\/33373","targetHints":{"allow":["GET"]}}],"collection":[{"href":"https:\/\/catolicanet.net\/wp-cnet\/wp-json\/wp\/v2\/posts"}],"about":[{"href":"https:\/\/catolicanet.net\/wp-cnet\/wp-json\/wp\/v2\/types\/post"}],"author":[{"embeddable":true,"href":"https:\/\/catolicanet.net\/wp-cnet\/wp-json\/wp\/v2\/users\/1"}],"replies":[{"embeddable":true,"href":"https:\/\/catolicanet.net\/wp-cnet\/wp-json\/wp\/v2\/comments?post=33373"}],"version-history":[{"count":2,"href":"https:\/\/catolicanet.net\/wp-cnet\/wp-json\/wp\/v2\/posts\/33373\/revisions"}],"predecessor-version":[{"id":33376,"href":"https:\/\/catolicanet.net\/wp-cnet\/wp-json\/wp\/v2\/posts\/33373\/revisions\/33376"}],"wp:featuredmedia":[{"embeddable":true,"href":"https:\/\/catolicanet.net\/wp-cnet\/wp-json\/wp\/v2\/media\/33374"}],"wp:attachment":[{"href":"https:\/\/catolicanet.net\/wp-cnet\/wp-json\/wp\/v2\/media?parent=33373"}],"wp:term":[{"taxonomy":"category","embeddable":true,"href":"https:\/\/catolicanet.net\/wp-cnet\/wp-json\/wp\/v2\/categories?post=33373"},{"taxonomy":"post_tag","embeddable":true,"href":"https:\/\/catolicanet.net\/wp-cnet\/wp-json\/wp\/v2\/tags?post=33373"}],"curies":[{"name":"wp","href":"https:\/\/api.w.org\/{rel}","templated":true}]}}