{"id":33367,"date":"2017-07-21T09:06:58","date_gmt":"2017-07-21T12:06:58","guid":{"rendered":"http:\/\/catolicanet.net\/wp-cnet\/?p=33367"},"modified":"2017-07-21T11:07:18","modified_gmt":"2017-07-21T14:07:18","slug":"dom-vilson-basso-nos-sabemos-que-a-juventude-e-o-presente-e-o-futuro-de-nossa-igreja","status":"publish","type":"post","link":"https:\/\/catolicanet.net\/wp-cnet\/dom-vilson-basso-nos-sabemos-que-a-juventude-e-o-presente-e-o-futuro-de-nossa-igreja\/","title":{"rendered":"Dom Vilson Basso: \u201cN\u00f3s sabemos que a juventude \u00e9 o presente e o futuro de nossa Igreja\u201d"},"content":{"rendered":"<p style=\"text-align: justify;\">Dom Vilson Basso \u00e9 dehoniano da Congrega\u00e7\u00e3o dos Padres do Sagrado Cora\u00e7\u00e3o de Jesus e, desde 2010, atuava como bispo de Caxias, no Maranh\u00e3o. O atual presidente da Comiss\u00e3o para a Juventude da Confer\u00eancia Nacional dos Bispos do Brasil (CNBB) foi transferido pelo papa Francisco para a diocese de Imperatriz, no Maranh\u00e3o, onde tomou posse no dia 10 de junho.<\/p>\n<p>Carism\u00e1tico e atencioso, dom Vilson desperta o interesse da juventude por onde passa, n\u00e3o \u00e9 \u00e0 toa que desenvolve e coordena trabalhos voltados a diversas express\u00f5es juvenis, um dos exemplos \u00e9 a Semana Mission\u00e1ria Nacional, que acontece entre os dias 22 e 28 de julho, nas dioceses banhadas pelo Rio Para\u00edba do Sul e o Projeto Rota 300, cujo encerramento se dar\u00e1 no dia 29 de julho, no Santu\u00e1rio Nacional de Aparecida, em Aparecida (SP). \u201cN\u00f3s sabemos que a juventude \u00e9 o presente e o futuro de nossa igreja\u201d, afirma.<\/p>\n<p>O bispo concedeu entrevista exclusiva \u00e0 equipe de assessoria de imprensa da CNBB, via whatsapp, na quinta-feira, 20 de julho, \u00e0s v\u00e9speras do in\u00edcio da Semana Mission\u00e1ria Nacional.<\/p>\n<p>Est\u00e1 chegando a hora de celebrar, nacionalmente, a Semana Mission\u00e1ria 2017. Qual \u00e9 a import\u00e2ncia desse evento para a juventude?<\/p>\n<p>A Semana Mission\u00e1ria Nacional \u00e9 o coroamento do Projeto Rota 300 que come\u00e7ou em dezembro de 2013 e que se uniu tamb\u00e9m as celebra\u00e7\u00f5es dos 300 anos da \u2018M\u00e3e Aparecida\u2019, com enfoque juvenil. A \u2018M\u00e3e Aparecida\u2019 est\u00e1 andando pelo Brasil em muitos lugares levada de fato pela juventude e essa Semana Mission\u00e1ria Nacional nas dioceses banhadas pelo Rio Para\u00edba do Sul, onde a \u2018M\u00e3e Aparecida\u2019 foi encontrada tem esse sentido de coroar esses tr\u00eas anos de evangeliza\u00e7\u00e3o da juventude no Brasil, dando esse toque \u2018mariano\u2019 \u00e0 m\u00e3e que nos acompanha a seguir seu filho, e anunci\u00e1-lo a tantas pessoas, especialmente \u00e0 juventude.<\/p>\n<p>O que a Semana Mission\u00e1ria pretende despertar nos jovens que est\u00e3o participando?<\/p>\n<p>Queremos que ela confirme a caminhada mission\u00e1ria que vem de Jesus e de pregar o Evangelho que vem do papa Francisco e que quer uma Igreja permanente em estado de miss\u00e3o. N\u00f3s sabemos que a juventude \u00e9 o presente e o futuro de nossa igreja e o papa pede que ela seja em sa\u00edda para anunciar e para \u2018misericordiar\u2019, para acolher, para ir ao encontro dos pobres, dos pequenos, dos desprotegidos de nossa sociedade. N\u00f3s queremos despertar no cora\u00e7\u00e3o da juventude esse \u00edmpeto mission\u00e1rio de ir, mas ir ao encontro, ir especialmente ao encontro dos pequenos, dos pobres, dos jovens e marginalizados.<\/p>\n<p>Qual o balan\u00e7o que faz do Projeto Rota 300?<\/p>\n<p>O balan\u00e7o que n\u00f3s fazemos desse \u2018Rota 300\u2019 \u00e9 que ele atingiu muitos de seus objetivos. O primeiro deles \u00e9 a \u2018missionariedade\u2019, pipocam pelo Brasil semanas mission\u00e1rias, semanas juvenis (\u2026). Podemos destacar a quest\u00e3o mission\u00e1ria, a quest\u00e3o da forma\u00e7\u00e3o de assessores e lideran\u00e7as jovens, aconteceram muitos cursos e abrimos a possibilidade dos cursos online para que os jovens possam exercer melhor o minist\u00e9rio da coordena\u00e7\u00e3o dos grupos e comunidades, e o trabalho conjunto das diferentes express\u00f5es juvenis, que \u00e9 uma realidade funcionando no Brasil. Tamb\u00e9m o setor diocesano da juventude funcionando em muitas dioceses e, por fim, esse lado ecol\u00f3gico com a \u2018M\u00e3e Aparecida\u2019, encontrada nas \u00e1guas do Rio Para\u00edba do Sul, propiciando, favorecendo e estimulando junto com o papa Francisco e a Laudato Si, o cuidado da Casa Comum, a preserva\u00e7\u00e3o de rios, mananciais, o cuidado de nosso planeta.<\/p>\n<p>Qual o pr\u00f3ximo passo da Comiss\u00e3o para a Juventude ap\u00f3s a Semana? E como se dar\u00e1 o acompanhamento da juventude ap\u00f3s essa atividade?<\/p>\n<p>O pr\u00f3ximo passo acontecer\u00e1 a partir de setembro, 7 a 9 de setembro, teremos o segundo encontro de revitaliza\u00e7\u00e3o da Pastoral Juvenil de nosso pa\u00eds que acontecer\u00e1 em Bras\u00edlia, e a\u00ed confirmaremos essa caminhada mission\u00e1ria, essa caminhada de informa\u00e7\u00e3o e esse trabalho conjunto e queremos a partir do S\u00ednodo dos Bispos, a juventude, a f\u00e9 e o discernimento vocacional encontrar novas pistas, novos caminhos, novas possibilidades na evangeliza\u00e7\u00e3o da juventude de nosso pa\u00eds.<\/p>\n<p>Uma palavra final?<\/p>\n<p>Deus seja louvado pela caminhada que estamos fazendo e que o esp\u00edrito de Deus nos inspire a continuarmos cuidando como bons pastores, boas pastoras da juventude de nosso pa\u00eds.<\/p>\n<p style=\"text-align: justify;\">\n<p style=\"text-align: justify;\">Fonte: CNBB<\/p>\n","protected":false},"excerpt":{"rendered":"<p>Dom Vilson Basso \u00e9 dehoniano da Congrega\u00e7\u00e3o dos Padres do Sagrado Cora\u00e7\u00e3o de Jesus e, desde 2010, atuava como bispo de Caxias, no Maranh\u00e3o. O atual presidente da Comiss\u00e3o para a Juventude da Confer\u00eancia Nacional dos Bispos do Brasil (CNBB) foi transferido pelo papa Francisco para a diocese de Imperatriz, no Maranh\u00e3o, onde tomou posse [&hellip;]<\/p>\n","protected":false},"author":1,"featured_media":33368,"comment_status":"open","ping_status":"closed","sticky":false,"template":"","format":"standard","meta":{"footnotes":""},"categories":[7],"tags":[],"class_list":["post-33367","post","type-post","status-publish","format-standard","has-post-thumbnail","hentry","category-cnbb"],"_links":{"self":[{"href":"https:\/\/catolicanet.net\/wp-cnet\/wp-json\/wp\/v2\/posts\/33367","targetHints":{"allow":["GET"]}}],"collection":[{"href":"https:\/\/catolicanet.net\/wp-cnet\/wp-json\/wp\/v2\/posts"}],"about":[{"href":"https:\/\/catolicanet.net\/wp-cnet\/wp-json\/wp\/v2\/types\/post"}],"author":[{"embeddable":true,"href":"https:\/\/catolicanet.net\/wp-cnet\/wp-json\/wp\/v2\/users\/1"}],"replies":[{"embeddable":true,"href":"https:\/\/catolicanet.net\/wp-cnet\/wp-json\/wp\/v2\/comments?post=33367"}],"version-history":[{"count":1,"href":"https:\/\/catolicanet.net\/wp-cnet\/wp-json\/wp\/v2\/posts\/33367\/revisions"}],"predecessor-version":[{"id":33369,"href":"https:\/\/catolicanet.net\/wp-cnet\/wp-json\/wp\/v2\/posts\/33367\/revisions\/33369"}],"wp:featuredmedia":[{"embeddable":true,"href":"https:\/\/catolicanet.net\/wp-cnet\/wp-json\/wp\/v2\/media\/33368"}],"wp:attachment":[{"href":"https:\/\/catolicanet.net\/wp-cnet\/wp-json\/wp\/v2\/media?parent=33367"}],"wp:term":[{"taxonomy":"category","embeddable":true,"href":"https:\/\/catolicanet.net\/wp-cnet\/wp-json\/wp\/v2\/categories?post=33367"},{"taxonomy":"post_tag","embeddable":true,"href":"https:\/\/catolicanet.net\/wp-cnet\/wp-json\/wp\/v2\/tags?post=33367"}],"curies":[{"name":"wp","href":"https:\/\/api.w.org\/{rel}","templated":true}]}}