{"id":33364,"date":"2017-07-20T16:24:40","date_gmt":"2017-07-20T19:24:40","guid":{"rendered":"http:\/\/catolicanet.net\/wp-cnet\/?p=33364"},"modified":"2017-07-21T11:02:40","modified_gmt":"2017-07-21T14:02:40","slug":"vida-consagrada-sociedade-de-geografia-de-lisboa-dinamiza-congresso-dedicado-as-ordens-carmelitas","status":"publish","type":"post","link":"https:\/\/catolicanet.net\/wp-cnet\/vida-consagrada-sociedade-de-geografia-de-lisboa-dinamiza-congresso-dedicado-as-ordens-carmelitas\/","title":{"rendered":"Vida Consagrada: Sociedade de Geografia de Lisboa dinamiza congresso dedicado \u00e0s Ordens Carmelitas"},"content":{"rendered":"<p style=\"text-align: justify;\">Lisboa, 20 jul 2017 (Ecclesia) \u2013 A Sociedade de Geografia de Lisboa est\u00e1 a promover at\u00e9 s\u00e1bado o Congresso Internacional \u2018Os Carmelitas no mundo luso-hisp\u00e2nico. Hist\u00f3ria, Arte e Patrim\u00f3nio\u2019, dedicado \u00e0s ordens do Carmo e aos Carmelitas Descal\u00e7os.<\/p>\n<p>\u201cS\u00e3o ordens com um impacto muito grande na Pen\u00ednsula, j\u00e1 n\u00e3o falando de \u00c1vila e das experi\u00eancias espanholas. Aqui o Carmo \u00e9 um convento, com a figura do Condest\u00e1vel Nuno \u00c1lvaro Pereira, de um significado important\u00edssimo\u201d, real\u00e7ou Fernando Larcher, membro da comiss\u00e3o organizadora, em declara\u00e7\u00f5es \u00e0 Ag\u00eancia ECCLESIA.<\/p>\n<p>J\u00e1 o comiss\u00e1rio geral da Ordem do Carmo da Antiga Observ\u00e2ncia em Portugal refere que o congresso \u00e9 uma oportunidade para ver \u201ca hist\u00f3ria dos Carmelitas ao longo destes anos todos\u201d, porque \u00e9 \u201cimportante olhar\u201d a \u201crealidade\u201d.<\/p>\n<p>\u201cE esta perspetiva do futuro relativamente \u00e0 Ordem do Carmo. Meditar e olhar com este olhar da perspetiva do Carmelo, l\u00e1 nos finais do s\u00e9culo XII, princ\u00edpios do s\u00e9culo XII, e agora esta realidade passados estes s\u00e9culos todos em Portugal\u201d, acrescentou frei Ricardo Ra\u00ednho, em declara\u00e7\u00f5es \u00e0 Ag\u00eancia ECCLESIA.<\/p>\n<p>Por sua vez, o provincial da Ordem dos Carmelitas Descal\u00e7os afirmou que o congresso \u2018Os Carmelitas no mundo luso-hisp\u00e2nico. Hist\u00f3ria, Arte e Patrim\u00f3nio\u2019 \u00e9 importante porque a Pen\u00ednsula Ib\u00e9rica \u201c\u00e9 o ber\u00e7o da reforma, teresiana\u201d: \u201c\u00c9 o nosso habitat natural.\u201d<\/p>\n<p>Para o frei Pedro Ferreira o estudo do evento permite \u201cesclarecer muitas coisas\u201d, sobretudo, poderem \u201cfalar das diferen\u00e7as que unem\u201d as duas ordens.<\/p>\n<p>Atualmente, na Pen\u00ednsula Ib\u00e9rica, os Carmelitas Descal\u00e7os t\u00eam tr\u00eas prov\u00edncias \u2013 a Navarra e a Ib\u00e9rica, que resultou da unifica\u00e7\u00e3o de cinco \u2013 e Portugal com \u201csete conventos de padres, oito mosteiros de Carmelitas de Clausura\u201d e a ordem secular por \u201ctodo o pa\u00eds\u201d.<\/p>\n<p>D. Ant\u00f3nio Vitalino, que pertence \u00e0 Ordem do Carmo, proferiu a confer\u00eancia de abertura e \u00e0 Ag\u00eancia ECCLESIA recorda que regressou \u201ch\u00e1 pouco tempo \u00e0s origens\u201d, depois de 21 anos no episcopado, tendo aproveitado para \u201crelembrar muita coisa e investigar\u201d.<\/p>\n<p>O bispo em\u00e9rito de Beja apresentou o tema \u2018A restaura\u00e7\u00e3o do Carmelo da Antiga Observ\u00e2ncia no s\u00e9culo XX em Portugal\u2019 e recordou que passaram \u201cpor v\u00e1rias depend\u00eancias\u201d, \u201cprimeiro foi atrav\u00e9s da Prov\u00edncia da B\u00e9tica, da Espanha\u201d, e depois \u201cpela Prov\u00edncia de Santo Elias, no Rio de Janeiro\u201d, Brasil.<\/p>\n<p>\u201c\u00c9 importante saber como \u00e9 que hoje podemos dar continuidade aquelas gestas mission\u00e1rias que houve sobretudo no Brasil, a partir de 1580, mas tamb\u00e9m na \u00c1sia. A Ordem est\u00e1 mais forte\u201d, acrescentou D. Ant\u00f3nio Vitalino, observando, contudo, que na Europa e na Am\u00e9rica se \u201creduziu o n\u00famero de confrades\u201d.<\/p>\n<p>O programa do congresso da Sociedade de Geografia de Lisboa dedicado aos Carmelitas termina este s\u00e1bado mas pode continuar a ser visitada a mostra documental \u2018S\u00e3o Nuno de Santa Maria e a Ordem do Carmo\u2019 e a exposi\u00e7\u00e3o \u2018Os Carmelitas no Mundo Portugu\u00eas\u2019, respetivamente no Arquivo Nacional da Torre do Tombo, at\u00e9 30 de setembro, e na Biblioteca Nacional de Portugal, at\u00e9 18 novembro.<\/p>\n<p>De recordar que a Ordem do Carmo teve origem h\u00e1 mais de oito s\u00e9culos e a Ordem dos Carmelitas Descal\u00e7os foi fundada h\u00e1 mais de 400 anos.<\/p>\n<p style=\"text-align: justify;\">\n<p style=\"text-align: justify;\">Fonte: Ag\u00eancia Ecclesia<\/p>\n","protected":false},"excerpt":{"rendered":"<p>Lisboa, 20 jul 2017 (Ecclesia) \u2013 A Sociedade de Geografia de Lisboa est\u00e1 a promover at\u00e9 s\u00e1bado o Congresso Internacional \u2018Os Carmelitas no mundo luso-hisp\u00e2nico. Hist\u00f3ria, Arte e Patrim\u00f3nio\u2019, dedicado \u00e0s ordens do Carmo e aos Carmelitas Descal\u00e7os. \u201cS\u00e3o ordens com um impacto muito grande na Pen\u00ednsula, j\u00e1 n\u00e3o falando de \u00c1vila e das experi\u00eancias [&hellip;]<\/p>\n","protected":false},"author":1,"featured_media":33365,"comment_status":"open","ping_status":"closed","sticky":false,"template":"","format":"standard","meta":{"footnotes":""},"categories":[4],"tags":[],"class_list":["post-33364","post","type-post","status-publish","format-standard","has-post-thumbnail","hentry","category-cotidiano"],"_links":{"self":[{"href":"https:\/\/catolicanet.net\/wp-cnet\/wp-json\/wp\/v2\/posts\/33364","targetHints":{"allow":["GET"]}}],"collection":[{"href":"https:\/\/catolicanet.net\/wp-cnet\/wp-json\/wp\/v2\/posts"}],"about":[{"href":"https:\/\/catolicanet.net\/wp-cnet\/wp-json\/wp\/v2\/types\/post"}],"author":[{"embeddable":true,"href":"https:\/\/catolicanet.net\/wp-cnet\/wp-json\/wp\/v2\/users\/1"}],"replies":[{"embeddable":true,"href":"https:\/\/catolicanet.net\/wp-cnet\/wp-json\/wp\/v2\/comments?post=33364"}],"version-history":[{"count":1,"href":"https:\/\/catolicanet.net\/wp-cnet\/wp-json\/wp\/v2\/posts\/33364\/revisions"}],"predecessor-version":[{"id":33366,"href":"https:\/\/catolicanet.net\/wp-cnet\/wp-json\/wp\/v2\/posts\/33364\/revisions\/33366"}],"wp:featuredmedia":[{"embeddable":true,"href":"https:\/\/catolicanet.net\/wp-cnet\/wp-json\/wp\/v2\/media\/33365"}],"wp:attachment":[{"href":"https:\/\/catolicanet.net\/wp-cnet\/wp-json\/wp\/v2\/media?parent=33364"}],"wp:term":[{"taxonomy":"category","embeddable":true,"href":"https:\/\/catolicanet.net\/wp-cnet\/wp-json\/wp\/v2\/categories?post=33364"},{"taxonomy":"post_tag","embeddable":true,"href":"https:\/\/catolicanet.net\/wp-cnet\/wp-json\/wp\/v2\/tags?post=33364"}],"curies":[{"name":"wp","href":"https:\/\/api.w.org\/{rel}","templated":true}]}}