{"id":3336,"date":"2013-11-06T15:59:46","date_gmt":"2013-11-06T17:59:46","guid":{"rendered":"http:\/\/catolicanet.net\/wp-cnet\/96o-assembleia-do-episcopado-boliviano-concluira-ano-da-fe\/"},"modified":"2017-03-23T11:04:37","modified_gmt":"2017-03-23T14:04:37","slug":"96o-assembleia-do-episcopado-boliviano-concluira-ano-da-fe","status":"publish","type":"post","link":"https:\/\/catolicanet.net\/wp-cnet\/96o-assembleia-do-episcopado-boliviano-concluira-ano-da-fe\/","title":{"rendered":"96\u00aa Assembl\u00e9ia do Episcopado boliviano concluir\u00e1 Ano da F\u00e9"},"content":{"rendered":"<p style=\"text-align: justify;\"><img decoding=\"async\" src=\"http:\/\/catolicanet.com.br\/images\/stories\/assembleiaepiscopadoboliviano.jpg\" border=\"0\" align=\"left\" \/>A Conf\u00earencia Episcopal da Bol\u00edvia (CEB) reunir-se-\u00e1 em Cochabamba de 7 a 12 de novembro por ocasi\u00e3o da sua 96\u00aa Assembl\u00e9ia Plen\u00e1ria.<br \/>O Arcebispo de Cochabamba, Dom Tito Solari, em nota enviada \u00e0 Ag\u00eancia Fides, explicou que, como em todos os anos, ser\u00e3o dias de reflex\u00e3o, de ora\u00e7\u00e3o e de medita\u00e7\u00e3o sobre o servi\u00e7o da Igreja Cat\u00f3lica e sobre o contexto atual do pa\u00eds. Nos seis dias de trabalho, os bispos bolivianos, al\u00e9m de analisar seu trabalho na Igreja, poder\u00e3o trocar experi\u00eancias e pontos de vistas sobre diversos problemas.<br \/>No domingo, 10 de novembro, \u00e0s 7 horas, os Bispos concelebrar\u00e3o a Missa solene na Catedral Metropolitana, por ocasi\u00e3o do encerramento do Ano da F\u00e9, na presen\u00e7a de toda a comunidade.<br \/>Devido a problemas de sa\u00fade, o Arcebispo de Santa Cruz de La Sierra, Julio Terrazas, n\u00e3o estar\u00e1 presente. O encontro ser\u00e1 conclu\u00eddo com uma declara\u00e7\u00e3o p\u00fablica sobre os v\u00e1rios temas tratados.<\/p>\n<p style=\"text-align: justify;\"><strong><br \/><\/strong><\/p>\n<p style=\"text-align: justify;\"><strong>Local: Cochabamba <br \/>Fonte: R\u00e1dio Vaticano<\/strong><\/p>\n","protected":false},"excerpt":{"rendered":"<p>A Conf\u00earencia Episcopal da Bol\u00edvia (CEB) reunir-se-\u00e1 em Cochabamba de 7 a 12 de novembro por ocasi\u00e3o da sua 96\u00aa Assembl\u00e9ia Plen\u00e1ria.O Arcebispo de Cochabamba, Dom Tito Solari, em nota enviada \u00e0 Ag\u00eancia Fides, explicou que, como em todos os anos, ser\u00e3o dias de reflex\u00e3o, de ora\u00e7\u00e3o e de medita\u00e7\u00e3o sobre o servi\u00e7o da Igreja [&hellip;]<\/p>\n","protected":false},"author":1,"featured_media":0,"comment_status":"closed","ping_status":"closed","sticky":false,"template":"","format":"standard","meta":{"footnotes":""},"categories":[4],"tags":[],"class_list":["post-3336","post","type-post","status-publish","format-standard","hentry","category-cotidiano"],"_links":{"self":[{"href":"https:\/\/catolicanet.net\/wp-cnet\/wp-json\/wp\/v2\/posts\/3336","targetHints":{"allow":["GET"]}}],"collection":[{"href":"https:\/\/catolicanet.net\/wp-cnet\/wp-json\/wp\/v2\/posts"}],"about":[{"href":"https:\/\/catolicanet.net\/wp-cnet\/wp-json\/wp\/v2\/types\/post"}],"author":[{"embeddable":true,"href":"https:\/\/catolicanet.net\/wp-cnet\/wp-json\/wp\/v2\/users\/1"}],"replies":[{"embeddable":true,"href":"https:\/\/catolicanet.net\/wp-cnet\/wp-json\/wp\/v2\/comments?post=3336"}],"version-history":[{"count":1,"href":"https:\/\/catolicanet.net\/wp-cnet\/wp-json\/wp\/v2\/posts\/3336\/revisions"}],"predecessor-version":[{"id":7537,"href":"https:\/\/catolicanet.net\/wp-cnet\/wp-json\/wp\/v2\/posts\/3336\/revisions\/7537"}],"wp:attachment":[{"href":"https:\/\/catolicanet.net\/wp-cnet\/wp-json\/wp\/v2\/media?parent=3336"}],"wp:term":[{"taxonomy":"category","embeddable":true,"href":"https:\/\/catolicanet.net\/wp-cnet\/wp-json\/wp\/v2\/categories?post=3336"},{"taxonomy":"post_tag","embeddable":true,"href":"https:\/\/catolicanet.net\/wp-cnet\/wp-json\/wp\/v2\/tags?post=3336"}],"curies":[{"name":"wp","href":"https:\/\/api.w.org\/{rel}","templated":true}]}}