{"id":33329,"date":"2017-07-20T09:24:49","date_gmt":"2017-07-20T12:24:49","guid":{"rendered":"http:\/\/catolicanet.net\/wp-cnet\/?p=33329"},"modified":"2017-07-21T10:06:54","modified_gmt":"2017-07-21T13:06:54","slug":"marconi-idealizador-da-radio-vaticano-falecia-ha-80-anos","status":"publish","type":"post","link":"https:\/\/catolicanet.net\/wp-cnet\/marconi-idealizador-da-radio-vaticano-falecia-ha-80-anos\/","title":{"rendered":"Marconi, idealizador da R\u00e1dio Vaticano, falecia h\u00e1 80 anos"},"content":{"rendered":"<p style=\"text-align: justify;\">Roma (RV) \u2013 Oitenta anos atr\u00e1s, em 20 de julho de 1937, falecia um dos maiores f\u00edsicos e inventores italianos, Guglielmo Marconi. No dia da sua morte, em sinal de luto, esta\u00e7\u00f5es de r\u00e1dio do mundo inteiro interromperam contemporaneamente as transmiss\u00f5es durante dois minutos.<\/p>\n<p style=\"text-align: justify;\"><a href=\"http:\/\/media02.radiovaticana.va\/audio\/audio2\/mp3\/00589835.mp3\">Clique aqui para ouvir:<\/a><\/p>\n<p style=\"text-align: justify;\">Durante a vida, Marconi foi reconhecido pela sua dedica\u00e7\u00e3o \u00e0 comunica\u00e7\u00e3o sem fio, recebeu dezenas de certificados de doutor honoris causa e outros t\u00edtulos honor\u00edficos, cidadanias honor\u00e1rias e foi agraciado, em 1909, com o Pr\u00eamio Nobel de F\u00edsica.<\/p>\n<p>Marconi foi quem projetou a R\u00e1dio Vaticano, inaugurada em 12 de fevereiro de 1931 por Pio XI. A emissora da Santa S\u00e9 \u00e9 um instrumento de comunica\u00e7\u00e3o e de evangeliza\u00e7\u00e3o a servi\u00e7o do Papa e, atualmente, est\u00e1 sendo repensada mediante o novo sistema comunicativo do Vaticano, com a Secretaria para a Comunica\u00e7\u00e3o institu\u00edda pelo Papa Francisco em 27 de junho de 2015.<\/p>\n<p>O novo dicast\u00e9rio da C\u00faria Romana recebeu a incumb\u00eancia de reestruturar, atrav\u00e9s de um processo de reorganiza\u00e7\u00e3o e de anexa\u00e7\u00e3o, \u201ctodas as realidades que, de v\u00e1rios modos, at\u00e9 hoje, se ocuparam da comunica\u00e7\u00e3o\u201d, para \u201cresponder sempre melhor \u00e0s exig\u00eancias da miss\u00e3o da Igreja\u201d.<\/p>\n<p style=\"text-align: justify;\">\n<p style=\"text-align: justify;\">Fonte: R\u00e1dio Vaticano<\/p>\n","protected":false},"excerpt":{"rendered":"<p>Roma (RV) \u2013 Oitenta anos atr\u00e1s, em 20 de julho de 1937, falecia um dos maiores f\u00edsicos e inventores italianos, Guglielmo Marconi. No dia da sua morte, em sinal de luto, esta\u00e7\u00f5es de r\u00e1dio do mundo inteiro interromperam contemporaneamente as transmiss\u00f5es durante dois minutos. Clique aqui para ouvir: Durante a vida, Marconi foi reconhecido pela [&hellip;]<\/p>\n","protected":false},"author":1,"featured_media":33330,"comment_status":"open","ping_status":"closed","sticky":false,"template":"","format":"standard","meta":{"footnotes":""},"categories":[3],"tags":[],"class_list":["post-33329","post","type-post","status-publish","format-standard","has-post-thumbnail","hentry","category-vaticano"],"_links":{"self":[{"href":"https:\/\/catolicanet.net\/wp-cnet\/wp-json\/wp\/v2\/posts\/33329","targetHints":{"allow":["GET"]}}],"collection":[{"href":"https:\/\/catolicanet.net\/wp-cnet\/wp-json\/wp\/v2\/posts"}],"about":[{"href":"https:\/\/catolicanet.net\/wp-cnet\/wp-json\/wp\/v2\/types\/post"}],"author":[{"embeddable":true,"href":"https:\/\/catolicanet.net\/wp-cnet\/wp-json\/wp\/v2\/users\/1"}],"replies":[{"embeddable":true,"href":"https:\/\/catolicanet.net\/wp-cnet\/wp-json\/wp\/v2\/comments?post=33329"}],"version-history":[{"count":1,"href":"https:\/\/catolicanet.net\/wp-cnet\/wp-json\/wp\/v2\/posts\/33329\/revisions"}],"predecessor-version":[{"id":33331,"href":"https:\/\/catolicanet.net\/wp-cnet\/wp-json\/wp\/v2\/posts\/33329\/revisions\/33331"}],"wp:featuredmedia":[{"embeddable":true,"href":"https:\/\/catolicanet.net\/wp-cnet\/wp-json\/wp\/v2\/media\/33330"}],"wp:attachment":[{"href":"https:\/\/catolicanet.net\/wp-cnet\/wp-json\/wp\/v2\/media?parent=33329"}],"wp:term":[{"taxonomy":"category","embeddable":true,"href":"https:\/\/catolicanet.net\/wp-cnet\/wp-json\/wp\/v2\/categories?post=33329"},{"taxonomy":"post_tag","embeddable":true,"href":"https:\/\/catolicanet.net\/wp-cnet\/wp-json\/wp\/v2\/tags?post=33329"}],"curies":[{"name":"wp","href":"https:\/\/api.w.org\/{rel}","templated":true}]}}