{"id":33318,"date":"2017-07-19T15:37:23","date_gmt":"2017-07-19T18:37:23","guid":{"rendered":"http:\/\/catolicanet.net\/wp-cnet\/?p=33318"},"modified":"2017-07-21T09:33:38","modified_gmt":"2017-07-21T12:33:38","slug":"sequestram-sacerdote-na-republica-democratica-do-congo","status":"publish","type":"post","link":"https:\/\/catolicanet.net\/wp-cnet\/sequestram-sacerdote-na-republica-democratica-do-congo\/","title":{"rendered":"Sequestram sacerdote na Rep\u00fablica Democr\u00e1tica do Congo"},"content":{"rendered":"<p style=\"text-align: justify;\">Roma, 19 Jul. 17 \/ 02:00 pm (ACI).- Dois sacerdotes foram sequestrados na madrugada de segunda-feira, 17 de julho, na Diocese de Beni-Butembo, no nordeste da Rep\u00fablica Democr\u00e1tica do Congo.<\/p>\n<p>Os sacerdotes Pierre Akilimali e Charles Kipasa estavam na par\u00f3quia Notre-Dame des Anges, no povoado de Bunyuka na prov\u00edncia de Kivu do Norte.<\/p>\n<p>Segundo a ONG local Centro de Estudos para a Promo\u00e7\u00e3o da Paz, Democracia e Direitos Humanos (CEPADHO), os dois sacerdotes foram sequestrados por cerca de cem homens armados e camuflados. Os delinquentes tamb\u00e9m bateram em alguns seminaristas e roubaram dois carros e duas motos.<\/p>\n<p>A Confer\u00eancia Nacional de Bispos Congoleses (CENCO) condenou o sequestro e advertiu que \u201ccausar-lhes dano significa causar dano \u00e0 comunidade a que servem\u201d.<\/p>\n<p>\u201cOs sacerdotes s\u00e3o homens de Deus, que consagram suas vidas pelo bem da popula\u00e7\u00e3o, sem uma agenda pol\u00edtica\u201d, indicou.<\/p>\n<p>Em um comunicado recolhido pela ag\u00eancia vaticana Fides, os bispos tamb\u00e9m criticaram tamb\u00e9m o clima de inseguran\u00e7a na regi\u00e3o e recordaram \u00e0s autoridades que \u00e9 seu dever \u201cgarantir a seguran\u00e7a das pessoas e dos seus bens\u201d.<\/p>\n<p>Al\u00e9m disso, a CENCO pediu que as autoridades \u201cfa\u00e7am tudo o que for poss\u00edvel para libertar os sacerdotes das m\u00e3os dos sequestradores e desmantelem a rede criminosa que desestabiliza a paz na regi\u00e3o de Beni\u201d.<\/p>\n<p>Os bispos assinalaram tamb\u00e9m que desde outubro de 2012 n\u00e3o receberam not\u00edcias sobre o paradeiro de tr\u00eas sacerdotes assuncionistas sequestrados na par\u00f3quia de Notre-Dame des Pauvres, em Mbau, a 22 quil\u00f4metros de Beni.<\/p>\n<p style=\"text-align: justify;\">\n<p style=\"text-align: justify;\">Fonte: Acidigital<\/p>\n","protected":false},"excerpt":{"rendered":"<p>Roma, 19 Jul. 17 \/ 02:00 pm (ACI).- Dois sacerdotes foram sequestrados na madrugada de segunda-feira, 17 de julho, na Diocese de Beni-Butembo, no nordeste da Rep\u00fablica Democr\u00e1tica do Congo. Os sacerdotes Pierre Akilimali e Charles Kipasa estavam na par\u00f3quia Notre-Dame des Anges, no povoado de Bunyuka na prov\u00edncia de Kivu do Norte. Segundo a [&hellip;]<\/p>\n","protected":false},"author":1,"featured_media":0,"comment_status":"open","ping_status":"closed","sticky":false,"template":"","format":"standard","meta":{"footnotes":""},"categories":[4],"tags":[],"class_list":["post-33318","post","type-post","status-publish","format-standard","hentry","category-cotidiano"],"_links":{"self":[{"href":"https:\/\/catolicanet.net\/wp-cnet\/wp-json\/wp\/v2\/posts\/33318","targetHints":{"allow":["GET"]}}],"collection":[{"href":"https:\/\/catolicanet.net\/wp-cnet\/wp-json\/wp\/v2\/posts"}],"about":[{"href":"https:\/\/catolicanet.net\/wp-cnet\/wp-json\/wp\/v2\/types\/post"}],"author":[{"embeddable":true,"href":"https:\/\/catolicanet.net\/wp-cnet\/wp-json\/wp\/v2\/users\/1"}],"replies":[{"embeddable":true,"href":"https:\/\/catolicanet.net\/wp-cnet\/wp-json\/wp\/v2\/comments?post=33318"}],"version-history":[{"count":1,"href":"https:\/\/catolicanet.net\/wp-cnet\/wp-json\/wp\/v2\/posts\/33318\/revisions"}],"predecessor-version":[{"id":33319,"href":"https:\/\/catolicanet.net\/wp-cnet\/wp-json\/wp\/v2\/posts\/33318\/revisions\/33319"}],"wp:attachment":[{"href":"https:\/\/catolicanet.net\/wp-cnet\/wp-json\/wp\/v2\/media?parent=33318"}],"wp:term":[{"taxonomy":"category","embeddable":true,"href":"https:\/\/catolicanet.net\/wp-cnet\/wp-json\/wp\/v2\/categories?post=33318"},{"taxonomy":"post_tag","embeddable":true,"href":"https:\/\/catolicanet.net\/wp-cnet\/wp-json\/wp\/v2\/tags?post=33318"}],"curies":[{"name":"wp","href":"https:\/\/api.w.org\/{rel}","templated":true}]}}