{"id":33313,"date":"2017-07-19T15:31:30","date_gmt":"2017-07-19T18:31:30","guid":{"rendered":"http:\/\/catolicanet.net\/wp-cnet\/?p=33313"},"modified":"2017-07-21T09:27:14","modified_gmt":"2017-07-21T12:27:14","slug":"facebook-explica-por-que-bloqueou-dezenas-de-paginas-catolicas","status":"publish","type":"post","link":"https:\/\/catolicanet.net\/wp-cnet\/facebook-explica-por-que-bloqueou-dezenas-de-paginas-catolicas\/","title":{"rendered":"Facebook explica por que bloqueou dezenas de p\u00e1ginas cat\u00f3licas"},"content":{"rendered":"<p style=\"text-align: justify;\">REDA\u00c7\u00c3O CENTRAL, 19 Jul. 17 \/ 12:50 pm (ACI).- Depois do bloqueio de mais de vinte p\u00e1ginas cat\u00f3licas em portugu\u00eas, ingl\u00eas e espanhol, o Facebook lamentou o \u201cincidente\u201d ocasionado por um \u201cmecanismo de detec\u00e7\u00e3o de spam na plataforma\u201d.<\/p>\n<p>\u201cAs p\u00e1ginas foram restabelecidas. O incidente foi ocasionado acidentalmente por um mecanismo de detec\u00e7\u00e3o de spam na plataforma. Pedimos sinceras desculpas pelos inconvenientes que isso possa ter gerado\u201d, manifestou um porta-voz do Facebook ao Grupo ACI.<\/p>\n<p>Entre a noite de 17 de julho e a madrugada de 18 de julho, ao menos 21 p\u00e1ginas cat\u00f3licas em portugu\u00eas, 4 em ingl\u00eas e v\u00e1rias outras em espanhol foram bloqueadas pela rede social, que somou recentemente 2 bilh\u00f5es de usu\u00e1rios.<\/p>\n<p>Os administradores das p\u00e1ginas afetadas, que somavam entre centenas de milhares e 6 milh\u00f5es de seguidores, n\u00e3o receberam uma explica\u00e7\u00e3o clara do motivo do bloqueio e suas apela\u00e7\u00f5es n\u00e3o foram respondidas pelo Facebook.<\/p>\n<p>Na noite de 18 de julho, ainda sem explica\u00e7\u00e3o, as p\u00e1ginas afetadas foram restabelecidas.<\/p>\n<p style=\"text-align: justify;\">\n<p style=\"text-align: justify;\">Fonte: Acidigital<\/p>\n","protected":false},"excerpt":{"rendered":"<p>REDA\u00c7\u00c3O CENTRAL, 19 Jul. 17 \/ 12:50 pm (ACI).- Depois do bloqueio de mais de vinte p\u00e1ginas cat\u00f3licas em portugu\u00eas, ingl\u00eas e espanhol, o Facebook lamentou o \u201cincidente\u201d ocasionado por um \u201cmecanismo de detec\u00e7\u00e3o de spam na plataforma\u201d. \u201cAs p\u00e1ginas foram restabelecidas. O incidente foi ocasionado acidentalmente por um mecanismo de detec\u00e7\u00e3o de spam na [&hellip;]<\/p>\n","protected":false},"author":1,"featured_media":33314,"comment_status":"open","ping_status":"closed","sticky":false,"template":"","format":"standard","meta":{"footnotes":""},"categories":[4],"tags":[],"class_list":["post-33313","post","type-post","status-publish","format-standard","has-post-thumbnail","hentry","category-cotidiano"],"_links":{"self":[{"href":"https:\/\/catolicanet.net\/wp-cnet\/wp-json\/wp\/v2\/posts\/33313","targetHints":{"allow":["GET"]}}],"collection":[{"href":"https:\/\/catolicanet.net\/wp-cnet\/wp-json\/wp\/v2\/posts"}],"about":[{"href":"https:\/\/catolicanet.net\/wp-cnet\/wp-json\/wp\/v2\/types\/post"}],"author":[{"embeddable":true,"href":"https:\/\/catolicanet.net\/wp-cnet\/wp-json\/wp\/v2\/users\/1"}],"replies":[{"embeddable":true,"href":"https:\/\/catolicanet.net\/wp-cnet\/wp-json\/wp\/v2\/comments?post=33313"}],"version-history":[{"count":1,"href":"https:\/\/catolicanet.net\/wp-cnet\/wp-json\/wp\/v2\/posts\/33313\/revisions"}],"predecessor-version":[{"id":33315,"href":"https:\/\/catolicanet.net\/wp-cnet\/wp-json\/wp\/v2\/posts\/33313\/revisions\/33315"}],"wp:featuredmedia":[{"embeddable":true,"href":"https:\/\/catolicanet.net\/wp-cnet\/wp-json\/wp\/v2\/media\/33314"}],"wp:attachment":[{"href":"https:\/\/catolicanet.net\/wp-cnet\/wp-json\/wp\/v2\/media?parent=33313"}],"wp:term":[{"taxonomy":"category","embeddable":true,"href":"https:\/\/catolicanet.net\/wp-cnet\/wp-json\/wp\/v2\/categories?post=33313"},{"taxonomy":"post_tag","embeddable":true,"href":"https:\/\/catolicanet.net\/wp-cnet\/wp-json\/wp\/v2\/tags?post=33313"}],"curies":[{"name":"wp","href":"https:\/\/api.w.org\/{rel}","templated":true}]}}