{"id":33309,"date":"2017-07-19T15:26:06","date_gmt":"2017-07-19T18:26:06","guid":{"rendered":"http:\/\/catolicanet.net\/wp-cnet\/?p=33309"},"modified":"2017-07-21T09:22:15","modified_gmt":"2017-07-21T12:22:15","slug":"facebook-retira-bloqueio-de-dezenas-de-paginas-catolicas","status":"publish","type":"post","link":"https:\/\/catolicanet.net\/wp-cnet\/facebook-retira-bloqueio-de-dezenas-de-paginas-catolicas\/","title":{"rendered":"Facebook retira bloqueio de dezenas de p\u00e1ginas cat\u00f3licas"},"content":{"rendered":"<p style=\"text-align: justify;\">REDA\u00c7\u00c3O CENTRAL, 19 Jul. 17 \/ 12:00 pm (ACI).- O Facebook retirou de modo inesperado e sem explica\u00e7\u00e3o o bloqueio que estabeleceu a mais de vinte p\u00e1ginas cat\u00f3licas em portugu\u00eas e ingl\u00eas.<\/p>\n<p>Entre a noite de 17 de julho e o dia 18 de julho, o Facebook bloqueou ao menos 25 p\u00e1ginas \u2013 21 em portugu\u00eas e 4 em ingl\u00eas \u2013 sem dar uma explica\u00e7\u00e3o clara aos seus administradores.<\/p>\n<p>As p\u00e1ginas cat\u00f3licas bloqueadas tinham entre centenas de milhares a 6 milh\u00f5es de seguidos.<\/p>\n<p>Entretanto, durante a noite de 18 de julho, as p\u00e1ginas bloqueadas come\u00e7aram a voltar \u00e0 normalidade.<\/p>\n<p>Em declara\u00e7\u00f5es recolhidas por ChurchPop.com, Carlos Ren\u00ea, administrador da fanpage \u2018Papa Francisco Brasil\u2019, disse que a p\u00e1gina voltou a estar dispon\u00edvel \u201csem notifica\u00e7\u00e3o. Acabei de perceber que estava no ar\u201d.<\/p>\n<p>At\u00e9 o momento, o Facebook n\u00e3o deu nenhuma explica\u00e7\u00e3o sobre o bloqueio ou a restaura\u00e7\u00e3o da p\u00e1gina. Os donos e administradores de fanpages como Father Rocky, Catholic and Proud, Jesus and Mary, Nossa Senhora Cuida de Mim, Meu Imaculado Cora\u00e7\u00e3o Triunfar\u00e1, simplesmente perceberam que suas p\u00e1ginas tinhamvoltado a funcionar ap\u00f3s ver suas contas na rede social.<\/p>\n<p>Fontes pr\u00f3ximas de ChurchPop.com indicaram que alguns administradores afetados no Brasil enviaram seus advogados aos escrit\u00f3rios do Facebook no pa\u00eds para exigir que as p\u00e1ginas fossem restabelecidas, embora n\u00e3o esteja claro se isso foi um fator decisivo.<\/p>\n<p style=\"text-align: justify;\">\n<p style=\"text-align: justify;\">Fonte: Acidigital<\/p>\n","protected":false},"excerpt":{"rendered":"<p>REDA\u00c7\u00c3O CENTRAL, 19 Jul. 17 \/ 12:00 pm (ACI).- O Facebook retirou de modo inesperado e sem explica\u00e7\u00e3o o bloqueio que estabeleceu a mais de vinte p\u00e1ginas cat\u00f3licas em portugu\u00eas e ingl\u00eas. Entre a noite de 17 de julho e o dia 18 de julho, o Facebook bloqueou ao menos 25 p\u00e1ginas \u2013 21 em [&hellip;]<\/p>\n","protected":false},"author":1,"featured_media":33310,"comment_status":"open","ping_status":"closed","sticky":false,"template":"","format":"standard","meta":{"footnotes":""},"categories":[4],"tags":[],"class_list":["post-33309","post","type-post","status-publish","format-standard","has-post-thumbnail","hentry","category-cotidiano"],"_links":{"self":[{"href":"https:\/\/catolicanet.net\/wp-cnet\/wp-json\/wp\/v2\/posts\/33309","targetHints":{"allow":["GET"]}}],"collection":[{"href":"https:\/\/catolicanet.net\/wp-cnet\/wp-json\/wp\/v2\/posts"}],"about":[{"href":"https:\/\/catolicanet.net\/wp-cnet\/wp-json\/wp\/v2\/types\/post"}],"author":[{"embeddable":true,"href":"https:\/\/catolicanet.net\/wp-cnet\/wp-json\/wp\/v2\/users\/1"}],"replies":[{"embeddable":true,"href":"https:\/\/catolicanet.net\/wp-cnet\/wp-json\/wp\/v2\/comments?post=33309"}],"version-history":[{"count":1,"href":"https:\/\/catolicanet.net\/wp-cnet\/wp-json\/wp\/v2\/posts\/33309\/revisions"}],"predecessor-version":[{"id":33311,"href":"https:\/\/catolicanet.net\/wp-cnet\/wp-json\/wp\/v2\/posts\/33309\/revisions\/33311"}],"wp:featuredmedia":[{"embeddable":true,"href":"https:\/\/catolicanet.net\/wp-cnet\/wp-json\/wp\/v2\/media\/33310"}],"wp:attachment":[{"href":"https:\/\/catolicanet.net\/wp-cnet\/wp-json\/wp\/v2\/media?parent=33309"}],"wp:term":[{"taxonomy":"category","embeddable":true,"href":"https:\/\/catolicanet.net\/wp-cnet\/wp-json\/wp\/v2\/categories?post=33309"},{"taxonomy":"post_tag","embeddable":true,"href":"https:\/\/catolicanet.net\/wp-cnet\/wp-json\/wp\/v2\/tags?post=33309"}],"curies":[{"name":"wp","href":"https:\/\/api.w.org\/{rel}","templated":true}]}}