{"id":33274,"date":"2017-07-19T13:12:13","date_gmt":"2017-07-19T16:12:13","guid":{"rendered":"http:\/\/catolicanet.net\/wp-cnet\/?p=33274"},"modified":"2017-07-19T14:33:58","modified_gmt":"2017-07-19T17:33:58","slug":"papa-rezemos-pelas-vitimas-das-mafias-lutemos-contra-a-corrupcao","status":"publish","type":"post","link":"https:\/\/catolicanet.net\/wp-cnet\/papa-rezemos-pelas-vitimas-das-mafias-lutemos-contra-a-corrupcao\/","title":{"rendered":"Papa: rezemos pelas v\u00edtimas das m\u00e1fias, lutemos contra a corrup\u00e7\u00e3o"},"content":{"rendered":"<p style=\"text-align: justify;\">Cidade do Vaticano (RV) \u2013 O Papa Francisco publicou um tweet nesta quarta-feira (19), somente em l\u00edngua italiana, em virtude dos 25 anos do assassinato do juiz Paolo Borsellino e dos seus cinco agentes de seguran\u00e7a, v\u00edtimas da m\u00e1fia em Palermo, na It\u00e1lia. Diz a mensagem de Francisco publicada na conta @Pontifex: \u201cRezemos por todas as v\u00edtimas das m\u00e1fias, pe\u00e7amos a for\u00e7a para seguir em frente, para continuar a lutar contra a corrup\u00e7\u00e3o\u201d.<\/p>\n<p>O crime aconteceu em 19 de julho de 1992, mas, 57 dias antes, foram tamb\u00e9m assassinados o seu amigo, a sua mulher e mais tr\u00eas homens da seguran\u00e7a.<\/p>\n<p>O tweet do Papa refor\u00e7a uma s\u00e9rie de iniciativas no pa\u00eds para renovar o compromisso na luta e na defesa da legalidade e da justi\u00e7a. No Senado italiano, o presidente Pietro Grasso pediu um minuto de sil\u00eancio em mem\u00f3ria \u00e0 coer\u00eancia e ao sentido de dever do juiz assassinado que, num \u201cdomingo qualquer de ver\u00e3o\u201d se transformou, num instante, \u201cnuma ferida que nunca poderemos curar\u201d.<\/p>\n<p>J\u00e1 o presidente da It\u00e1lia, Sergio Mattarella, reafirmou que a \u201cm\u00e1fia n\u00e3o \u00e9 um mal incontest\u00e1vel, mas um fen\u00f4meno criminal que pode ser derrotado\u201d. Mattarella falou de um pa\u00eds que vive dias de reconhecimento ao juiz Borsellino e a homens como ele, capazes de promover uma sociedade sana e virtuosa e com um m\u00e9todo eficiente de trabalho que definiu como \u201cpatrim\u00f4nio precioso\u201d contra a criminalidade.<\/p>\n<p>O Pe. Luigi Ciotti, presidente de \u201cLibera\u201d, uma entidade italiana de promo\u00e7\u00e3o da legalidade e da justi\u00e7a, pediu coragem por parte das institui\u00e7\u00f5es para aprofundar a leitura judici\u00e1ria dos fatos e as responsabilidades pol\u00edticas. E advertiu: \u201choje, mais do que nunca, \u00e9 preciso que os homens das institui\u00e7\u00f5es falem, dando a sua contribui\u00e7\u00e3o em busca da verdade\u201d.<\/p>\n<p style=\"text-align: justify;\">\n<p style=\"text-align: justify;\">Fonte: R\u00e1dio Vaticano<\/p>\n","protected":false},"excerpt":{"rendered":"<p>Cidade do Vaticano (RV) \u2013 O Papa Francisco publicou um tweet nesta quarta-feira (19), somente em l\u00edngua italiana, em virtude dos 25 anos do assassinato do juiz Paolo Borsellino e dos seus cinco agentes de seguran\u00e7a, v\u00edtimas da m\u00e1fia em Palermo, na It\u00e1lia. Diz a mensagem de Francisco publicada na conta @Pontifex: \u201cRezemos por todas [&hellip;]<\/p>\n","protected":false},"author":1,"featured_media":33275,"comment_status":"open","ping_status":"closed","sticky":false,"template":"","format":"standard","meta":{"footnotes":""},"categories":[3],"tags":[],"class_list":["post-33274","post","type-post","status-publish","format-standard","has-post-thumbnail","hentry","category-vaticano"],"_links":{"self":[{"href":"https:\/\/catolicanet.net\/wp-cnet\/wp-json\/wp\/v2\/posts\/33274","targetHints":{"allow":["GET"]}}],"collection":[{"href":"https:\/\/catolicanet.net\/wp-cnet\/wp-json\/wp\/v2\/posts"}],"about":[{"href":"https:\/\/catolicanet.net\/wp-cnet\/wp-json\/wp\/v2\/types\/post"}],"author":[{"embeddable":true,"href":"https:\/\/catolicanet.net\/wp-cnet\/wp-json\/wp\/v2\/users\/1"}],"replies":[{"embeddable":true,"href":"https:\/\/catolicanet.net\/wp-cnet\/wp-json\/wp\/v2\/comments?post=33274"}],"version-history":[{"count":1,"href":"https:\/\/catolicanet.net\/wp-cnet\/wp-json\/wp\/v2\/posts\/33274\/revisions"}],"predecessor-version":[{"id":33276,"href":"https:\/\/catolicanet.net\/wp-cnet\/wp-json\/wp\/v2\/posts\/33274\/revisions\/33276"}],"wp:featuredmedia":[{"embeddable":true,"href":"https:\/\/catolicanet.net\/wp-cnet\/wp-json\/wp\/v2\/media\/33275"}],"wp:attachment":[{"href":"https:\/\/catolicanet.net\/wp-cnet\/wp-json\/wp\/v2\/media?parent=33274"}],"wp:term":[{"taxonomy":"category","embeddable":true,"href":"https:\/\/catolicanet.net\/wp-cnet\/wp-json\/wp\/v2\/categories?post=33274"},{"taxonomy":"post_tag","embeddable":true,"href":"https:\/\/catolicanet.net\/wp-cnet\/wp-json\/wp\/v2\/tags?post=33274"}],"curies":[{"name":"wp","href":"https:\/\/api.w.org\/{rel}","templated":true}]}}