{"id":33271,"date":"2017-07-19T11:35:53","date_gmt":"2017-07-19T14:35:53","guid":{"rendered":"http:\/\/catolicanet.net\/wp-cnet\/?p=33271"},"modified":"2017-07-19T14:30:40","modified_gmt":"2017-07-19T17:30:40","slug":"padre-fortea-a-nicolas-maduro-e-um-assassino-e-esta-condenado","status":"publish","type":"post","link":"https:\/\/catolicanet.net\/wp-cnet\/padre-fortea-a-nicolas-maduro-e-um-assassino-e-esta-condenado\/","title":{"rendered":"Padre Fortea a Nicol\u00e1s Maduro: \u00c9 um assassino e est\u00e1 condenado"},"content":{"rendered":"<p style=\"text-align: justify;\">REDA\u00c7\u00c3O CENTRAL,- Em uma publica\u00e7\u00e3o recente em seu blog, o te\u00f3logo espanhol Jos\u00e9 Antonio Fortea lan\u00e7ou duras palavras ao presidente da Venezuela, Nicol\u00e1s Maduro: \u201cMaduro, voc\u00ea \u00e9 um assassino!\u201d.<\/p>\n<p>\u201cS\u00e3o Jo\u00e3o Batista disse, ante o povo de Deus, que a rela\u00e7\u00e3o do rei Herodes com Salom\u00e9 era ilegal. E eu vou permanecer em sil\u00eancio diante das a\u00e7\u00f5es de Maduro? Maduro, voc\u00ea \u00e9 um assassino!\u201d, escreveu o Padre Fortea em seu blog.<\/p>\n<p>Desde que come\u00e7aram as manifesta\u00e7\u00f5es contra o governo, no in\u00edcio de abril, em meio a uma repress\u00e3o violenta, calcula-se que aproximadamente 100 pessoas morreram na Venezuela.<\/p>\n<p>No domingo, 16 de julho, durante a consulta popular na qual a grande maioria dos venezuelanos manifestou o seu recha\u00e7o \u00e0 Assembleia Constituinte convocada por Maduro, grupos armados que est\u00e3o do lado do governo atiraram nos cidad\u00e3os em Caracas, capital do pa\u00eds.<\/p>\n<p>Os venezuelanos atacados se refugiaram na Igreja do Carmo, onde o Arcebispo de Caracas, Cardeal Jorge Urosa, havia celebrado a Missa. Devido ao tiroteio, uma pessoa morreu.<\/p>\n<p>Em seu post, intitulado \u201cNicol\u00e1s Maduro, onde voc\u00ea est\u00e1? J\u00e1 n\u00e3o te vejo\u201d, Pe. Fortea disse ao presidente da Venezuela que ele \u201cest\u00e1 condenado, porque todos os assassinos est\u00e3o condenados. O sangue derramado de uma centena de filhos de Deus clama vingan\u00e7a contra voc\u00ea\u201d.<\/p>\n<p>\u201cMuitos pol\u00edticos falam de di\u00e1logo. Talvez os homens da Igreja sejamos os \u00fanicos que podemos dizer o evidente, o que todo mundo pensa: \u2018Como se pode negociar com o teu sequestrador\u2019\u201d, indicou.<\/p>\n<p>O sacerdote espanhol afirmou que Maduro \u201csequestrou milh\u00f5es de pessoas\u201d.<\/p>\n<p>\u201cOs pol\u00edticos continuar\u00e3o dizendo as suas mensagens politicamente corretas. A minha mensagem \u00e9 outra: Voc\u00ea \u00e9 um condenado e o castigo de Deus continua o seu caminho para voc\u00ea\u201d, assinalou.<\/p>\n<p>\u201cToda a minha compaix\u00e3o e o meu carinho para as fam\u00edlias que choram pelos seus falecidos. Todo o meu apoio e amor aos que choraram pelos seus falecidos nas \u00faltimas semanas\u201d, acrescentou.<\/p>\n<p>Em seguida, Pe. Fortea dedicou alguns vers\u00edculos do Salmo 37 \u00e0s \u201cv\u00edtimas indefesas\u201d na Venezuela: \u201cN\u00e3o te indignes por causa dos malfeitores, nem tenhas inveja dos que praticam a iniquidade. Porque cedo ser\u00e3o ceifados como a erva, e murchar\u00e3o como a verdura. Confia no Senhor e faze o bem; habitar\u00e1s na terra, e verdadeiramente ser\u00e1s alimentado\u201d.<\/p>\n<p>\u201cConfia no Senhor e faze o bem. E ele far\u00e1 sobressair a tua justi\u00e7a como a luz, e o teu ju\u00edzo como o meio-dia. (&#8230;) O \u00edmpio n\u00e3o existir\u00e1; olhar\u00e1s para o seu lugar, e n\u00e3o aparecer\u00e1.<\/p>\n<p>Mas os mansos herdar\u00e3o a terra. (&#8230;) O \u00edmpio maquina contra o justo, e contra ele range os dentes. O Senhor se rir\u00e1 dele, pois v\u00ea que vem chegando o seu dia\u201d, concluiu.<\/p>\n<p style=\"text-align: justify;\">\n<p style=\"text-align: justify;\">Fonte: Acidigital<\/p>\n","protected":false},"excerpt":{"rendered":"<p>REDA\u00c7\u00c3O CENTRAL,- Em uma publica\u00e7\u00e3o recente em seu blog, o te\u00f3logo espanhol Jos\u00e9 Antonio Fortea lan\u00e7ou duras palavras ao presidente da Venezuela, Nicol\u00e1s Maduro: \u201cMaduro, voc\u00ea \u00e9 um assassino!\u201d. \u201cS\u00e3o Jo\u00e3o Batista disse, ante o povo de Deus, que a rela\u00e7\u00e3o do rei Herodes com Salom\u00e9 era ilegal. E eu vou permanecer em sil\u00eancio diante [&hellip;]<\/p>\n","protected":false},"author":1,"featured_media":33272,"comment_status":"open","ping_status":"closed","sticky":false,"template":"","format":"standard","meta":{"footnotes":""},"categories":[4],"tags":[],"class_list":["post-33271","post","type-post","status-publish","format-standard","has-post-thumbnail","hentry","category-cotidiano"],"_links":{"self":[{"href":"https:\/\/catolicanet.net\/wp-cnet\/wp-json\/wp\/v2\/posts\/33271","targetHints":{"allow":["GET"]}}],"collection":[{"href":"https:\/\/catolicanet.net\/wp-cnet\/wp-json\/wp\/v2\/posts"}],"about":[{"href":"https:\/\/catolicanet.net\/wp-cnet\/wp-json\/wp\/v2\/types\/post"}],"author":[{"embeddable":true,"href":"https:\/\/catolicanet.net\/wp-cnet\/wp-json\/wp\/v2\/users\/1"}],"replies":[{"embeddable":true,"href":"https:\/\/catolicanet.net\/wp-cnet\/wp-json\/wp\/v2\/comments?post=33271"}],"version-history":[{"count":1,"href":"https:\/\/catolicanet.net\/wp-cnet\/wp-json\/wp\/v2\/posts\/33271\/revisions"}],"predecessor-version":[{"id":33273,"href":"https:\/\/catolicanet.net\/wp-cnet\/wp-json\/wp\/v2\/posts\/33271\/revisions\/33273"}],"wp:featuredmedia":[{"embeddable":true,"href":"https:\/\/catolicanet.net\/wp-cnet\/wp-json\/wp\/v2\/media\/33272"}],"wp:attachment":[{"href":"https:\/\/catolicanet.net\/wp-cnet\/wp-json\/wp\/v2\/media?parent=33271"}],"wp:term":[{"taxonomy":"category","embeddable":true,"href":"https:\/\/catolicanet.net\/wp-cnet\/wp-json\/wp\/v2\/categories?post=33271"},{"taxonomy":"post_tag","embeddable":true,"href":"https:\/\/catolicanet.net\/wp-cnet\/wp-json\/wp\/v2\/tags?post=33271"}],"curies":[{"name":"wp","href":"https:\/\/api.w.org\/{rel}","templated":true}]}}