{"id":3325,"date":"2013-11-05T18:29:23","date_gmt":"2013-11-05T20:29:23","guid":{"rendered":"http:\/\/catolicanet.net\/wp-cnet\/dia-nacional-da-juventude-propos-reflexao-em-paroquias-e-comunidades-do-brasil\/"},"modified":"2017-03-23T10:51:38","modified_gmt":"2017-03-23T13:51:38","slug":"dia-nacional-da-juventude-propos-reflexao-em-paroquias-e-comunidades-do-brasil","status":"publish","type":"post","link":"https:\/\/catolicanet.net\/wp-cnet\/dia-nacional-da-juventude-propos-reflexao-em-paroquias-e-comunidades-do-brasil\/","title":{"rendered":"Dia Nacional da Juventude prop\u00f4s reflex\u00e3o em par\u00f3quias e comunidades do Brasil"},"content":{"rendered":"<p style=\"text-align: justify;\"><img decoding=\"async\" src=\"http:\/\/catolicanet.com.br\/images\/stories\/cartazdnj.jpg\" border=\"0\" align=\"left\" \/>O ano de 2013, para a Igreja no Brasil, foi um ano dedicado \u00e0 juventude. Al\u00e9m do tema da Campanha da Fraternidade \u201cEis-Me Aqui, Envia-Me!\u201d, que apresentou a atual condi\u00e7\u00e3o dos jovens na sociedade, aconteceu, ainda, a Jornada Mundial da Juventude Rio 2013. Como fechamento deste ano da juventude, o Dia Nacional da Juventude (DNJ) 2013, na sua 28\u00aa edi\u00e7\u00e3o, abordou o tema \u201cJuventude e Miss\u00e3o\u201d e o lema \u201cJovem: levante-se, seja fermento!\u201d.<\/p>\n<p>\u201cTodos esses eventos, em prol da juventude, despertaram no cora\u00e7\u00e3o da Igreja a op\u00e7\u00e3o afetiva e efetiva que os bispos do Brasil confirmaram no Documento 85\u201d, mencionou o assessor da Comiss\u00e3o Episcopal Pastoral para a Juventude, padre Ant\u00f4nio Ramos do Prado, sobre o documento Evangeliza\u00e7\u00e3o da Juventude.<\/p>\n<p>Ainda de acordo com o assessor, a import\u00e2ncia do DNJ est\u00e1 em \u201cagregar valores evang\u00e9licos e culturais aos jovens, que ajudam a fortalecer o minist\u00e9rio do discipulado e missionariedade dentro e fora da Igreja\u201d. Padre Ant\u00f4nio Ramos afirma que o DNJ levou para todas as par\u00f3quias do Brasil miss\u00f5es populares, f\u00f3runs sobre juventude, vig\u00edlias. Lembrou que no \u00faltimo domingo do m\u00eas de outubro a maioria das dioceses do Brasil celebraram a vida da juventude.<\/p>\n<p>\u201cH\u00e1 28 anos, a Igreja do Brasil procura viver em todas as par\u00f3quias quest\u00f5es ligadas \u00e0 juventude\u201d, disse o assessor. Todos os anos s\u00e3o propostos tema, lema e ilumina\u00e7\u00e3o b\u00edblica inspirados pela realidade em que vivem os jovens. Este a ano, a ilumina\u00e7\u00e3o B\u00edblica proposta foi: \u201cQuanto a voc\u00ea, arregace suas mangas, levante-se e diga a eles tudo o que eu mandar. N\u00e3o tenha medo\u201d (Jr 1,17).<\/p>\n<p style=\"text-align: justify;\">\u00a0<\/p>\n<p style=\"text-align: justify;\"><strong>Local: Bras\u00edlia (SP)<br \/>Fonte: CNBB<\/strong><\/p>\n","protected":false},"excerpt":{"rendered":"<p>O ano de 2013, para a Igreja no Brasil, foi um ano dedicado \u00e0 juventude. Al\u00e9m do tema da Campanha da Fraternidade \u201cEis-Me Aqui, Envia-Me!\u201d, que apresentou a atual condi\u00e7\u00e3o dos jovens na sociedade, aconteceu, ainda, a Jornada Mundial da Juventude Rio 2013. Como fechamento deste ano da juventude, o Dia Nacional da Juventude (DNJ) [&hellip;]<\/p>\n","protected":false},"author":1,"featured_media":0,"comment_status":"closed","ping_status":"closed","sticky":false,"template":"","format":"standard","meta":{"footnotes":""},"categories":[7],"tags":[],"class_list":["post-3325","post","type-post","status-publish","format-standard","hentry","category-cnbb"],"_links":{"self":[{"href":"https:\/\/catolicanet.net\/wp-cnet\/wp-json\/wp\/v2\/posts\/3325","targetHints":{"allow":["GET"]}}],"collection":[{"href":"https:\/\/catolicanet.net\/wp-cnet\/wp-json\/wp\/v2\/posts"}],"about":[{"href":"https:\/\/catolicanet.net\/wp-cnet\/wp-json\/wp\/v2\/types\/post"}],"author":[{"embeddable":true,"href":"https:\/\/catolicanet.net\/wp-cnet\/wp-json\/wp\/v2\/users\/1"}],"replies":[{"embeddable":true,"href":"https:\/\/catolicanet.net\/wp-cnet\/wp-json\/wp\/v2\/comments?post=3325"}],"version-history":[{"count":1,"href":"https:\/\/catolicanet.net\/wp-cnet\/wp-json\/wp\/v2\/posts\/3325\/revisions"}],"predecessor-version":[{"id":7527,"href":"https:\/\/catolicanet.net\/wp-cnet\/wp-json\/wp\/v2\/posts\/3325\/revisions\/7527"}],"wp:attachment":[{"href":"https:\/\/catolicanet.net\/wp-cnet\/wp-json\/wp\/v2\/media?parent=3325"}],"wp:term":[{"taxonomy":"category","embeddable":true,"href":"https:\/\/catolicanet.net\/wp-cnet\/wp-json\/wp\/v2\/categories?post=3325"},{"taxonomy":"post_tag","embeddable":true,"href":"https:\/\/catolicanet.net\/wp-cnet\/wp-json\/wp\/v2\/tags?post=3325"}],"curies":[{"name":"wp","href":"https:\/\/api.w.org\/{rel}","templated":true}]}}