{"id":33219,"date":"2017-07-18T13:17:59","date_gmt":"2017-07-18T16:17:59","guid":{"rendered":"http:\/\/catolicanet.net\/wp-cnet\/?p=33219"},"modified":"2017-07-19T10:44:24","modified_gmt":"2017-07-19T13:44:24","slug":"pilula-anticoncepcional-afeta-a-saude-de-mulheres-revela-novo-estudo","status":"publish","type":"post","link":"https:\/\/catolicanet.net\/wp-cnet\/pilula-anticoncepcional-afeta-a-saude-de-mulheres-revela-novo-estudo\/","title":{"rendered":"P\u00edlula anticoncepcional afeta a sa\u00fade de mulheres, revela novo estudo"},"content":{"rendered":"<p style=\"text-align: justify;\">ESTOCOLMO, Um novo estudo revelou que as mulheres que tomam p\u00edlulas anticoncepcionais correm o risco de prejudicar sua sa\u00fade e bem-estar em geral.<\/p>\n<p>Mudan\u00e7as de humor, mudan\u00e7as no n\u00edvel de energia e uma qualidade de vida \u201csignificativamente menor\u201d s\u00e3o os efeitos secund\u00e1rios da p\u00edlula anticoncepcional, encontrados depois de tr\u00eas meses de estudo.<\/p>\n<p>\u201cApesar do fato de que, em m\u00e9dia, cerca de 100 milh\u00f5es de mulheres no mundo usam p\u00edlulas anticoncepcionais, hoje sabemos surpreendentemente pouco sobre os seus efeitos na sa\u00fade da mulher\u201d, assinalou a professora Angelica Linden Hirschberg, uma das l\u00edderes do estudo, segundo indica o Instituto Karolinska.<\/p>\n<p>\u201cA base cient\u00edfica \u00e9 muito limitada em rela\u00e7\u00e3o ao efeito da p\u00edlula anticoncepcional sobre a qualidade de vida e a depress\u00e3o e h\u00e1 uma grande necessidade de estudos aleat\u00f3rios para comparar isso com placebos\u201d, observou a Dra. Hirschberg.<\/p>\n<p>O estudo sobre os efeitos secund\u00e1rios da anticoncep\u00e7\u00e3o foi realizado pelo Instituto Karolinska e pela Escola de Economia de Estocolmo e incluiu 340 mulheres saud\u00e1veis ??entre 18 a 35 anos.<\/p>\n<p>Seus resultados foram publicados recentemente na revista cient\u00edfica \u201cFertility and Sterility\u201d.<\/p>\n<p>Um grupo aleat\u00f3rio de mulheres recebeu uma p\u00edlula de placebo e o outro recebeu uma p\u00edlula anticoncepcional comum com levonorgestrel e ethniylestradoil. Tanto as mulheres como os l\u00edderes do estudo n\u00e3o sabiam as p\u00edlulas que estavam tomando.<\/p>\n<p>Em compara\u00e7\u00e3o com o grupo placebo, as mulheres que tomaram a p\u00edlula informaram que o seu autocontrole, vitalidade e humor foram afetados e assinalaram que a sua qualidade de vida diminuiu significativamente.<\/p>\n<p>\u201c\u00c9 necess\u00e1rio prestar aten\u00e7\u00e3o e considerar esta eventual degrada\u00e7\u00e3o da qualidade de vida, juntamente com a prescri\u00e7\u00e3o de p\u00edlulas anticoncepcionais e a escolha de um m\u00e9todo de anticoncep\u00e7\u00e3o\u201d, sustentou Niklas Zethraeus, um dos coautores do estudo, segundo o jornal brit\u00e2nico \u2018The Independent\u2019.<\/p>\n<p>Enquanto a maioria das mulheres \u00e9 consciente da exist\u00eancia de alguns efeitos secund\u00e1rios ao tomar p\u00edlulas anticoncepcionais, cada vez h\u00e1 mais estudos que mostram o impacto negativo que podem ter.<\/p>\n<p>No ano passado, um estudo dinamarqu\u00eas informou sobre a rela\u00e7\u00e3o adversa entre o controle hormonal da natalidade e a depress\u00e3o, que associava mulheres que consomem a p\u00edlula a um posterior uso de antidepressivos.<\/p>\n<p>Embora este estudo sueco especialmente n\u00e3o tenha detectado algum aumento na depress\u00e3o, especialistas observaram que a anticoncep\u00e7\u00e3o n\u00e3o pode ser generalizada e que os diferentes tipos de p\u00edlulas t\u00eam efeitos secund\u00e1rios.<\/p>\n<p>\u201cTodos os tipos de anticonceptivos hormonais t\u00eam vantagens e desvantagens. Este poss\u00edvel efeito na qualidade de vida contribui para esse conhecimento e poderia ser de participar import\u00e2ncia para as mulheres que experimentaram anteriormente sintomas negativos de estado de \u00e2nimo\u201d, afirmou Hirschberg.<\/p>\n<p>Para as mais de 100 milh\u00f5es de usu\u00e1rias de p\u00edlulas anticoncepcionais, os pesquisadores do estudo sugeriram que o impacto negativo na qualidade de vida poderia ter uma \u201cimport\u00e2ncia cl\u00ednica\u201d para as mulheres e \u00e9 algo sobre o que elas devem estar conscientes.<\/p>\n<p style=\"text-align: justify;\">\n<p style=\"text-align: justify;\">Fonte: Acidigital<\/p>\n","protected":false},"excerpt":{"rendered":"<p>ESTOCOLMO, Um novo estudo revelou que as mulheres que tomam p\u00edlulas anticoncepcionais correm o risco de prejudicar sua sa\u00fade e bem-estar em geral. Mudan\u00e7as de humor, mudan\u00e7as no n\u00edvel de energia e uma qualidade de vida \u201csignificativamente menor\u201d s\u00e3o os efeitos secund\u00e1rios da p\u00edlula anticoncepcional, encontrados depois de tr\u00eas meses de estudo. \u201cApesar do fato [&hellip;]<\/p>\n","protected":false},"author":1,"featured_media":33220,"comment_status":"open","ping_status":"closed","sticky":false,"template":"","format":"standard","meta":{"footnotes":""},"categories":[4],"tags":[],"class_list":["post-33219","post","type-post","status-publish","format-standard","has-post-thumbnail","hentry","category-cotidiano"],"_links":{"self":[{"href":"https:\/\/catolicanet.net\/wp-cnet\/wp-json\/wp\/v2\/posts\/33219","targetHints":{"allow":["GET"]}}],"collection":[{"href":"https:\/\/catolicanet.net\/wp-cnet\/wp-json\/wp\/v2\/posts"}],"about":[{"href":"https:\/\/catolicanet.net\/wp-cnet\/wp-json\/wp\/v2\/types\/post"}],"author":[{"embeddable":true,"href":"https:\/\/catolicanet.net\/wp-cnet\/wp-json\/wp\/v2\/users\/1"}],"replies":[{"embeddable":true,"href":"https:\/\/catolicanet.net\/wp-cnet\/wp-json\/wp\/v2\/comments?post=33219"}],"version-history":[{"count":1,"href":"https:\/\/catolicanet.net\/wp-cnet\/wp-json\/wp\/v2\/posts\/33219\/revisions"}],"predecessor-version":[{"id":33221,"href":"https:\/\/catolicanet.net\/wp-cnet\/wp-json\/wp\/v2\/posts\/33219\/revisions\/33221"}],"wp:featuredmedia":[{"embeddable":true,"href":"https:\/\/catolicanet.net\/wp-cnet\/wp-json\/wp\/v2\/media\/33220"}],"wp:attachment":[{"href":"https:\/\/catolicanet.net\/wp-cnet\/wp-json\/wp\/v2\/media?parent=33219"}],"wp:term":[{"taxonomy":"category","embeddable":true,"href":"https:\/\/catolicanet.net\/wp-cnet\/wp-json\/wp\/v2\/categories?post=33219"},{"taxonomy":"post_tag","embeddable":true,"href":"https:\/\/catolicanet.net\/wp-cnet\/wp-json\/wp\/v2\/tags?post=33219"}],"curies":[{"name":"wp","href":"https:\/\/api.w.org\/{rel}","templated":true}]}}