{"id":3321,"date":"2013-11-05T13:10:15","date_gmt":"2013-11-05T15:10:15","guid":{"rendered":"http:\/\/catolicanet.net\/wp-cnet\/diocese-de-crato-ce-sediara-nordestao-de-liturgia\/"},"modified":"2017-03-23T11:41:59","modified_gmt":"2017-03-23T14:41:59","slug":"diocese-de-crato-ce-sediara-nordestao-de-liturgia","status":"publish","type":"post","link":"https:\/\/catolicanet.net\/wp-cnet\/diocese-de-crato-ce-sediara-nordestao-de-liturgia\/","title":{"rendered":"Diocese de Crato (CE) sediar\u00e1 Nordest\u00e3o de Liturgia"},"content":{"rendered":"<p style=\"text-align: justify;\"><img loading=\"lazy\" decoding=\"async\" src=\"http:\/\/catolicanet.com.br\/images\/stories\/nordestao2014.jpg\" border=\"0\" width=\"227\" height=\"210\" align=\"left\" \/>Prosseguem at\u00e9 o 10 de dezembro, as inscri\u00e7\u00f5es para o Nordest\u00e3o de Liturgia que acontece de 14 a 24 de janeiro de 2014, na diocese de Crato (CE). O evento tem o apoio da Comiss\u00e3o Episcopal Pastoral para a Liturgia da CNBB, sendo destinado a agentes de pastoral lit\u00fargica, leigos, religiosos, padres, di\u00e1conos e seminaristas.<\/p>\n<p>O Nordest\u00e3o \u00e9 realizado em formato de curso de especializa\u00e7\u00e3o e extens\u00e3o em liturgia, com o objetivo de oferecer aos participantes conte\u00fado teol\u00f3gico-lit\u00fargico a partir das pr\u00e1ticas celebrativas \u00e0 luz do Conc\u00edlio Vaticano II. As aulas s\u00e3o aplicadas em tr\u00eas m\u00f3dulos: extens\u00e3o, especializa\u00e7\u00e3o e complementa\u00e7\u00e3o. Os participantes podem escolher, na inscri\u00e7\u00e3o, as etapas que desejam cursar.<\/p>\n<p>De acordo com a organiza\u00e7\u00e3o do curso, ser\u00e3o privilegiados os estudos da mistagogia a partir do rito celebrado e a participa\u00e7\u00e3o na constru\u00e7\u00e3o do conhecimento em mutir\u00e3o. O bispo de Crato e referencial para a Liturgia do Nordeste I, dom Fernando Panico, coordena o Nordest\u00e3o com uma equipe formada por padres e assessores.<br \/>No site do evento est\u00e3o dispon\u00edveis a ficha de inscri\u00e7\u00e3o e os valores referentes a cada m\u00f3dulo do curso: <a href=\"http:\/\/www.nordestaodeliturgia\/nordestao\" target=\"_blank\">www.nordestaodeliturgia\/nordestao<\/a><\/p>\n<p style=\"text-align: justify;\">\u00a0<\/p>\n<p style=\"text-align: justify;\"><strong>Local: Crato (CE)<br \/>Fonte: CNBB<\/strong><\/p>\n","protected":false},"excerpt":{"rendered":"<p>Prosseguem at\u00e9 o 10 de dezembro, as inscri\u00e7\u00f5es para o Nordest\u00e3o de Liturgia que acontece de 14 a 24 de janeiro de 2014, na diocese de Crato (CE). O evento tem o apoio da Comiss\u00e3o Episcopal Pastoral para a Liturgia da CNBB, sendo destinado a agentes de pastoral lit\u00fargica, leigos, religiosos, padres, di\u00e1conos e seminaristas. [&hellip;]<\/p>\n","protected":false},"author":1,"featured_media":0,"comment_status":"closed","ping_status":"closed","sticky":false,"template":"","format":"standard","meta":{"footnotes":""},"categories":[7],"tags":[],"class_list":["post-3321","post","type-post","status-publish","format-standard","hentry","category-cnbb"],"_links":{"self":[{"href":"https:\/\/catolicanet.net\/wp-cnet\/wp-json\/wp\/v2\/posts\/3321","targetHints":{"allow":["GET"]}}],"collection":[{"href":"https:\/\/catolicanet.net\/wp-cnet\/wp-json\/wp\/v2\/posts"}],"about":[{"href":"https:\/\/catolicanet.net\/wp-cnet\/wp-json\/wp\/v2\/types\/post"}],"author":[{"embeddable":true,"href":"https:\/\/catolicanet.net\/wp-cnet\/wp-json\/wp\/v2\/users\/1"}],"replies":[{"embeddable":true,"href":"https:\/\/catolicanet.net\/wp-cnet\/wp-json\/wp\/v2\/comments?post=3321"}],"version-history":[{"count":1,"href":"https:\/\/catolicanet.net\/wp-cnet\/wp-json\/wp\/v2\/posts\/3321\/revisions"}],"predecessor-version":[{"id":7563,"href":"https:\/\/catolicanet.net\/wp-cnet\/wp-json\/wp\/v2\/posts\/3321\/revisions\/7563"}],"wp:attachment":[{"href":"https:\/\/catolicanet.net\/wp-cnet\/wp-json\/wp\/v2\/media?parent=3321"}],"wp:term":[{"taxonomy":"category","embeddable":true,"href":"https:\/\/catolicanet.net\/wp-cnet\/wp-json\/wp\/v2\/categories?post=3321"},{"taxonomy":"post_tag","embeddable":true,"href":"https:\/\/catolicanet.net\/wp-cnet\/wp-json\/wp\/v2\/tags?post=3321"}],"curies":[{"name":"wp","href":"https:\/\/api.w.org\/{rel}","templated":true}]}}