{"id":3319,"date":"2013-11-05T12:55:33","date_gmt":"2013-11-05T14:55:33","guid":{"rendered":"http:\/\/catolicanet.net\/wp-cnet\/papa-qtodos-somos-convidados-para-participar-da-festa-do-senhor-nao-nos-contentemos-em-estar-somente-na-listaq\/"},"modified":"2017-03-23T11:39:33","modified_gmt":"2017-03-23T14:39:33","slug":"papa-qtodos-somos-convidados-para-participar-da-festa-do-senhor-nao-nos-contentemos-em-estar-somente-na-listaq","status":"publish","type":"post","link":"https:\/\/catolicanet.net\/wp-cnet\/papa-qtodos-somos-convidados-para-participar-da-festa-do-senhor-nao-nos-contentemos-em-estar-somente-na-listaq\/","title":{"rendered":"Papa: &#8220;Todos somos convidados para participar da festa do Senhor. N\u00e3o nos contentemos em estar somente na lista&#8221;"},"content":{"rendered":"<p style=\"text-align: justify;\"><img decoding=\"async\" src=\"http:\/\/catolicanet.com.br\/images\/stories\/bisposepapafrancisco.jpg\" border=\"0\" align=\"left\" \/>A ess\u00eancia do cristianismo \u00e9 um convite para a festa. Foi o que afirmou o Papa Francisco na Missa desta manh\u00e3, na Casa Santa Marta. O Papa reiterou que a Igreja \u201cn\u00e3o \u00e9 somente para as pessoas boas\u201d, o convite a fazer parte dela \u00e9 para todos. E acrescentou, que na festa do Senhor, \u201cparticipa-se plenamente\u201d e com todos, n\u00e3o se pode fazer sele\u00e7\u00e3o. \u201cQue os crist\u00e3os \u2013 advertiu \u2013 n\u00e3o se contentem em estar na lista de convidados\u201d, pois seria \u201ccomo estar fora da festa\u201d.<\/p>\n<p>\u201cAs leituras do dia \u2013 disse o Papa no in\u00edcio da homilia \u2013 nos mostram a carta de identidade do crist\u00e3o\u201d, sublinhando a seguir que \u201cantes de tudo, a ess\u00eancia crist\u00e3 \u00e9 um convite: somente nos tornamos crist\u00e3os se somos convidados\u201d. Trata-se, portanto, de \u201cum convite gratuito\u201d para participar, \u201cque vem de Deus\u201d. Para entrar nesta festa, \u201cn\u00e3o se pode pagar: ou \u00e9s convidado ou n\u00e3o podes entrar\u201d. Se \u201cna nossa consci\u00eancia n\u00e3o temos esta certeza de sermos convidados\u201d, ent\u00e3o \u201cn\u00e3o entendemos o que \u00e9 um crist\u00e3o\u201d:<\/p>\n<p><strong>\u201cUm crist\u00e3o \u00e9 algu\u00e9m que \u00e9 convidado. Convidado para que? Para um neg\u00f3cio? Convidado para fazer um passeio? O Senhor quer nos dizer algo a mais: \u2018Tu \u00e9s convidado para a festa!\u2019. O crist\u00e3o \u00e9 aquele que \u00e9 convidado \u00e0 festa, \u00e0 alegria, \u00e0 alegria de ser salvo, \u00e0 alegria de ser redimido, \u00e0 alegria de participar da vida com Jesus. Isto \u00e9 uma alegria! Tu \u00e9s convidado para a festa! Se entende, uma festa \u00e9 um encontro de pessoas que falam, riem, festejam, s\u00e3o felizes. Mas \u00e9 um encontro de pessoas. Entre as pessoas normais, mentalmente normais, nunca vi algu\u00e9m que fa\u00e7a festa sozinho, n\u00e3o \u00e9 mesmo? Isto seria um pouco aborrecido! Abrir a garrafa de vinho&#8230; Isto n\u00e3o \u00e9 uma festa, \u00e9 uma outra coisa. Festeja-se com os outros, festeja-se em fam\u00edlia, festeja-se com os amigos, festeja-se com as pessoas que s\u00e3o convidadas, como fui convidado. Para ser crist\u00e3o \u00e9 necess\u00e1rio uma perten\u00e7a e se pertence a este Corpo, a esta gente que foi convidada para a festa: esta \u00e9 a perten\u00e7a crist\u00e3\u201d.<\/strong><\/p>\n<p>Referindo-se \u00e0 Carta aos Romanos, o Papa afirmou que esta festa \u00e9 \u201cuma festa de unidade\u201d. E evidenciou que todos s\u00e3o convidados, \u201cbons e maus\u201d. E os primeiros a serem chamados s\u00e3o os marginalizados:<br \/><strong><br \/>\u201cA Igreja n\u00e3o \u00e9 a Igreja somente para as pessoas boas. Quem pertence \u00e0 Igreja, \u00e0 esta festa? Os pecadores, todos n\u00f3s pecadores somos convidados. E aqui o que se faz? Se faz uma comunidade que tem dons diversos: um tem o dom da profecia, o outro o minist\u00e9rio, que \u00e9 um professor. Todos tem uma qualidade, uma virtude. Mas a festa se faz levando isto que tenho em comum com todos&#8230;\u00e0 festa se participa, se participa plenamente. N\u00e3o se pode entender a ess\u00eancia crist\u00e3 sem esta participa\u00e7\u00e3o. \u00c9 uma participa\u00e7\u00e3o de todos n\u00f3s. \u2018Eu vou \u00e0 festa mas vou ficar apenas na primeira sala, porque eu tenho que estar somente com tr\u00eas ou quatro que eu conhe\u00e7o e os outros &#8230;&#8221;. Isso n\u00e3o se pode fazer na Igreja! Ou tu entras com todos ou voc\u00ea fica de fora! Voc\u00ea n\u00e3o pode fazer uma sele\u00e7\u00e3o, a Igreja \u00e9 para todos, come\u00e7ando por estes que eu falei, os mais marginalizados. \u00c9 a Igreja de todos! &#8220;<\/strong><\/p>\n<p>\u00c9 a \u201cIgreja dos convidados\u201d \u2013 acrescentou: \u201cSer convidado, ser participante de uma comunidade com todos\u201d. Mas \u2013 observou o Papa \u2013 na par\u00e1bola narrada por Jesus lemos que os convidados, um ap\u00f3s outro, come\u00e7am a encontrar desculpas para n\u00e3o ir \u00e0 festa: \u201cN\u00e3o aceitam o convite! Dizem sim, mas fazem n\u00e3o\u201d. Estes \u201cs\u00e3o os crist\u00e3os que somente se contentam em estar na lista dos convidados: crist\u00e3os elencados\u201d. Mas \u2013 advertiu Francisco \u2013 isto \u201cn\u00e3o \u00e9 o suficiente\u201d porque se n\u00e3o se entra na festa n\u00e3o se \u00e9 crist\u00e3o. \u201cTu estar\u00e1s na lista, mas isto n\u00e3o serve para a tua salva\u00e7\u00e3o! Esta \u00e9 a Igreja: entrar na Igreja \u00e9 uma gra\u00e7a; entrar na Igreja \u00e9 um convite\u201d. \u201cE este direito n\u00e3o se pode comprar\u201d, advertiu.<\/p>\n<p>\u201cEntrar na Igreja \u2013 reiterou &#8211; \u00e9 fazer comunidade, comunidade da Igreja; entrar na Igreja \u00e9 participar com tudo o que n\u00f3s temos de virtudes, das qualidades que o Senhor nos deu, no servi\u00e7o de um pelos outros. E ainda: \u201cEntrar na Igreja significa estar dispon\u00edvel \u00e0quilo que o Senhor Jesus nos pede\u201d. \u201cEntrar na Igreja \u00e9 fazer parte deste Povo de Deus, que caminha para a Eternidade\u201d. \u201cNingu\u00e9m \u00e9 protagonista na Igreja \u2013 observou: mas temos um protagonista que fez tudo. Deus \u00e9 o protagonista!\u201d. Todos n\u00f3s O seguimos e quem n\u00e3o o segue, \u00e9 algu\u00e9m que se desculpa\u201d e n\u00e3o vai \u00e0 festa:<\/p>\n<p><strong>\u201cO Senhor \u00e9 muito generoso. O Senhor abre todas as portas e tamb\u00e9m entende aquele que Lhe diz: \u2018N\u00e3o, Senhor, n\u00e3o quero ir contigo!\u2019. Entende e o espera, porque \u00e9 misericordioso. Mas ao Senhor n\u00e3o agrada aquele homem que diz \u2018sim\u2019 e faz \u2018n\u00e3o\u2019; que finge agradecer-lhe por tantas coisas bonitas, mas em verdade segue seu pr\u00f3prio caminho; que tem boas maneiras, mas faz a pr\u00f3pria vontade e n\u00e3o a do Senhor: estes que sempre se desculpam, que n\u00e3o conhecem a alegria, que n\u00e3o experimentam a alegria do pertencer. Pe\u00e7amos ao Senhor esta gra\u00e7a: de entender bem qu\u00e3o belo \u00e9 ser convidado \u00e1 festa, qu\u00e3o belo \u00e9 estar com todos e partilhar com todos as pr\u00f3prias qualidades, qu\u00e3o belo \u00e9 estar com Ele e que ruim \u00e9 jogar entre o \u201csim\u201d e o \u201cn\u00e3o\u201d, de dizer \u201csim\u201d mas contentar-me somente em fazer parte da lista dos crist\u00e3os\u201d.<\/strong><\/p>\n<p style=\"text-align: justify;\">\u00a0<\/p>\n<p style=\"text-align: justify;\"><strong>Local: Cidade do Vaticano <br \/>Fonte: R\u00e1dio Vaticano<\/strong><\/p>\n","protected":false},"excerpt":{"rendered":"<p>A ess\u00eancia do cristianismo \u00e9 um convite para a festa. Foi o que afirmou o Papa Francisco na Missa desta manh\u00e3, na Casa Santa Marta. O Papa reiterou que a Igreja \u201cn\u00e3o \u00e9 somente para as pessoas boas\u201d, o convite a fazer parte dela \u00e9 para todos. E acrescentou, que na festa do Senhor, \u201cparticipa-se [&hellip;]<\/p>\n","protected":false},"author":1,"featured_media":0,"comment_status":"closed","ping_status":"closed","sticky":false,"template":"","format":"standard","meta":{"footnotes":""},"categories":[3],"tags":[],"class_list":["post-3319","post","type-post","status-publish","format-standard","hentry","category-vaticano"],"_links":{"self":[{"href":"https:\/\/catolicanet.net\/wp-cnet\/wp-json\/wp\/v2\/posts\/3319","targetHints":{"allow":["GET"]}}],"collection":[{"href":"https:\/\/catolicanet.net\/wp-cnet\/wp-json\/wp\/v2\/posts"}],"about":[{"href":"https:\/\/catolicanet.net\/wp-cnet\/wp-json\/wp\/v2\/types\/post"}],"author":[{"embeddable":true,"href":"https:\/\/catolicanet.net\/wp-cnet\/wp-json\/wp\/v2\/users\/1"}],"replies":[{"embeddable":true,"href":"https:\/\/catolicanet.net\/wp-cnet\/wp-json\/wp\/v2\/comments?post=3319"}],"version-history":[{"count":1,"href":"https:\/\/catolicanet.net\/wp-cnet\/wp-json\/wp\/v2\/posts\/3319\/revisions"}],"predecessor-version":[{"id":7561,"href":"https:\/\/catolicanet.net\/wp-cnet\/wp-json\/wp\/v2\/posts\/3319\/revisions\/7561"}],"wp:attachment":[{"href":"https:\/\/catolicanet.net\/wp-cnet\/wp-json\/wp\/v2\/media?parent=3319"}],"wp:term":[{"taxonomy":"category","embeddable":true,"href":"https:\/\/catolicanet.net\/wp-cnet\/wp-json\/wp\/v2\/categories?post=3319"},{"taxonomy":"post_tag","embeddable":true,"href":"https:\/\/catolicanet.net\/wp-cnet\/wp-json\/wp\/v2\/tags?post=3319"}],"curies":[{"name":"wp","href":"https:\/\/api.w.org\/{rel}","templated":true}]}}