{"id":3316,"date":"2013-11-04T03:00:00","date_gmt":"2013-11-04T05:00:00","guid":{"rendered":"http:\/\/catolicanet.net\/wp-cnet\/a-ressurreicao\/"},"modified":"2017-03-23T13:08:39","modified_gmt":"2017-03-23T16:08:39","slug":"a-ressurreicao","status":"publish","type":"post","link":"https:\/\/catolicanet.net\/wp-cnet\/a-ressurreicao\/","title":{"rendered":"A ressurrei\u00e7\u00e3o"},"content":{"rendered":"<p style=\"text-align: justify;\"><img loading=\"lazy\" decoding=\"async\" src=\"http:\/\/catolicanet.com.br\/images\/stories\/dompaulomendes1.jpg\" border=\"0\" width=\"231\" height=\"262\" align=\"left\" \/>A palavra \u201cressurrei\u00e7\u00e3o\u201d, literalmente, significa levantar, erguer. Ela \u00e9 muito usada nos textos da Sagrada Escritura, quando fala da ressurrei\u00e7\u00e3o dos mortos. \u00c9 o ato de uma pessoa, considerada morta, viver novamente. \u00c9 termo que passa por profunda reflex\u00e3o no m\u00eas de novembro, principalmente quando celebramos o dia de todos os santos e de finados.<br \/>Nos fundamentos e no entendimento dos crist\u00e3os, a ressurrei\u00e7\u00e3o tem uma base de f\u00e9. Para os descrentes ela n\u00e3o passa de uma aberra\u00e7\u00e3o. Os crist\u00e3os a entendem como plenitude da vida, tendo seu desfeche em Deus. \u00c9 o que motiva e d\u00e1 \u00e2nimo para o enfrentamento dos sofrimentos na hist\u00f3ria de vida das pessoas.<br \/>O que d\u00e1 base para a f\u00e9 na ressurrei\u00e7\u00e3o \u00e9 a fidelidade aos ensinamentos divinos. A vida temporal, na terra, deve apoiar-se na f\u00e9, na esperan\u00e7a e na caridade. Pela ressurrei\u00e7\u00e3o, ela ter\u00e1 continuidade na eternidade, n\u00e3o necessitando mais destas virtudes humanas, mas apenas na totalidade do amor de Deus.<br \/>No tempo presente, a pessoa precisa cultivar o jardim de sua exist\u00eancia mesmo sendo dificultado por atos de persegui\u00e7\u00e3o, de sofrimentos e de des\u00e2nimo. Mas deve levar consigo a certeza de que a morte n\u00e3o \u00e9 o t\u00e9rmino da vida, mas o caminho que leva para a realiza\u00e7\u00e3o daquilo que \u00e9 a finalidade do ser humano, a vida em Deus.<br \/>Pensar na ressurrei\u00e7\u00e3o como obra divina significa ter convic\u00e7\u00e3o de que Deus \u00e9 sempre misericordioso, mas que tamb\u00e9m leva em conta a pr\u00e1tica da justi\u00e7a. Deus n\u00e3o abandonar\u00e1 na morte os que preferirem morrer a negar a f\u00e9. Portanto, a ressurrei\u00e7\u00e3o \u00e9 fruto tamb\u00e9m da escolha de f\u00e9 feita de forma livre e determinada.<br \/>N\u00e3o \u00e9 f\u00e1cil ter f\u00e9 firme no meio de um mundo marcado pela descren\u00e7a. Muitas pessoas, al\u00e9m de n\u00e3o ter f\u00e9 na ressurrei\u00e7\u00e3o, tentam tamb\u00e9m impedir a propaga\u00e7\u00e3o do evangelho. Existe at\u00e9 uma hostilidade de advers\u00e1rios, mas o crist\u00e3o n\u00e3o pode se intimidar e desanimar s\u00f3 porque encontra dificuldades. \u00c9 fundamental trabalhar a possibilidade de vida nova, vida feliz e plenamente realizada em Deus.<\/p>\n","protected":false},"excerpt":{"rendered":"<p>A palavra \u201cressurrei\u00e7\u00e3o\u201d, literalmente, significa levantar, erguer. Ela \u00e9 muito usada nos textos da Sagrada Escritura, quando fala da ressurrei\u00e7\u00e3o dos mortos. \u00c9 o ato de uma pessoa, considerada morta, viver novamente. \u00c9 termo que passa por profunda reflex\u00e3o no m\u00eas de novembro, principalmente quando celebramos o dia de todos os santos e de finados.Nos [&hellip;]<\/p>\n","protected":false},"author":11,"featured_media":0,"comment_status":"closed","ping_status":"closed","sticky":false,"template":"","format":"standard","meta":{"footnotes":""},"categories":[9],"tags":[],"class_list":["post-3316","post","type-post","status-publish","format-standard","hentry","category-artigos"],"_links":{"self":[{"href":"https:\/\/catolicanet.net\/wp-cnet\/wp-json\/wp\/v2\/posts\/3316","targetHints":{"allow":["GET"]}}],"collection":[{"href":"https:\/\/catolicanet.net\/wp-cnet\/wp-json\/wp\/v2\/posts"}],"about":[{"href":"https:\/\/catolicanet.net\/wp-cnet\/wp-json\/wp\/v2\/types\/post"}],"author":[{"embeddable":true,"href":"https:\/\/catolicanet.net\/wp-cnet\/wp-json\/wp\/v2\/users\/11"}],"replies":[{"embeddable":true,"href":"https:\/\/catolicanet.net\/wp-cnet\/wp-json\/wp\/v2\/comments?post=3316"}],"version-history":[{"count":1,"href":"https:\/\/catolicanet.net\/wp-cnet\/wp-json\/wp\/v2\/posts\/3316\/revisions"}],"predecessor-version":[{"id":7580,"href":"https:\/\/catolicanet.net\/wp-cnet\/wp-json\/wp\/v2\/posts\/3316\/revisions\/7580"}],"wp:attachment":[{"href":"https:\/\/catolicanet.net\/wp-cnet\/wp-json\/wp\/v2\/media?parent=3316"}],"wp:term":[{"taxonomy":"category","embeddable":true,"href":"https:\/\/catolicanet.net\/wp-cnet\/wp-json\/wp\/v2\/categories?post=3316"},{"taxonomy":"post_tag","embeddable":true,"href":"https:\/\/catolicanet.net\/wp-cnet\/wp-json\/wp\/v2\/tags?post=3316"}],"curies":[{"name":"wp","href":"https:\/\/api.w.org\/{rel}","templated":true}]}}