{"id":33123,"date":"2017-07-14T12:00:14","date_gmt":"2017-07-14T15:00:14","guid":{"rendered":"http:\/\/catolicanet.net\/wp-cnet\/?p=33123"},"modified":"2017-07-17T16:22:44","modified_gmt":"2017-07-17T19:22:44","slug":"matanca-de-28-presos-em-prisao-do-mexico-aconteceu-em-ritual-da-santa-morte","status":"publish","type":"post","link":"https:\/\/catolicanet.net\/wp-cnet\/matanca-de-28-presos-em-prisao-do-mexico-aconteceu-em-ritual-da-santa-morte\/","title":{"rendered":"Matan\u00e7a de 28 presos em pris\u00e3o do M\u00e9xico aconteceu em ritual da \u201cSanta Morte\u201d"},"content":{"rendered":"<p style=\"text-align: justify;\">Cidade do M\u00e9xico,\u00a0 A recente matan\u00e7a de 28 presos em uma pris\u00e3o em Acapulco, estado de Guerrero (M\u00e9xico), ocorreu durante um ritual do culto da \u201cSanta Morte&#8221;.<\/p>\n<p>No \u00faltimo dia 6, no que parecia ser somente uma briga entre os detentos ou uma tentativa de rebeli\u00e3o, 28 presos foram assassinados dentro da pris\u00e3o de Las Cruces, em Acapulco. Alguns falecidos foram degolados.<\/p>\n<p>Citando fontes estaduais e federais, o jornal mexicano \u2018Reforma\u2019 revelou que \u201cos presos foram executados durante um ritual da Santa Morte\u201d, liderado por traficantes de drogas do Cartel Independente de Acapulco.<\/p>\n<p>A Santa Morte \u00e9 um rito popular em diferentes lugares do M\u00e9xico e da Am\u00e9rica Latina, \u00e9 uma falsa devo\u00e7\u00e3o, representada com uma caveira decorada de acordo com a prefer\u00eancia de cada seguidor.<\/p>\n<p>Este culto est\u00e1 ligado aos traficantes de drogas e v\u00e1rios tipos de delinquentes que usam esta imagem para pedir pelo \u00eaxito dos seus crimes. O culto \u00e0 Santa Morte, considerado blasfemo, tamb\u00e9m est\u00e1 relacionado \u00e0s pr\u00e1ticas de bruxaria.<\/p>\n<p>Segundo a imprensa local, dentro da pris\u00e3o foram encontrados dispositivos explosivos e armas de fogo.<\/p>\n<p style=\"text-align: justify;\">\n<p style=\"text-align: justify;\">Fonte: Acidigital<\/p>\n","protected":false},"excerpt":{"rendered":"<p>Cidade do M\u00e9xico,\u00a0 A recente matan\u00e7a de 28 presos em uma pris\u00e3o em Acapulco, estado de Guerrero (M\u00e9xico), ocorreu durante um ritual do culto da \u201cSanta Morte&#8221;. No \u00faltimo dia 6, no que parecia ser somente uma briga entre os detentos ou uma tentativa de rebeli\u00e3o, 28 presos foram assassinados dentro da pris\u00e3o de Las [&hellip;]<\/p>\n","protected":false},"author":1,"featured_media":33124,"comment_status":"open","ping_status":"closed","sticky":false,"template":"","format":"standard","meta":{"footnotes":""},"categories":[4],"tags":[],"class_list":["post-33123","post","type-post","status-publish","format-standard","has-post-thumbnail","hentry","category-cotidiano"],"_links":{"self":[{"href":"https:\/\/catolicanet.net\/wp-cnet\/wp-json\/wp\/v2\/posts\/33123","targetHints":{"allow":["GET"]}}],"collection":[{"href":"https:\/\/catolicanet.net\/wp-cnet\/wp-json\/wp\/v2\/posts"}],"about":[{"href":"https:\/\/catolicanet.net\/wp-cnet\/wp-json\/wp\/v2\/types\/post"}],"author":[{"embeddable":true,"href":"https:\/\/catolicanet.net\/wp-cnet\/wp-json\/wp\/v2\/users\/1"}],"replies":[{"embeddable":true,"href":"https:\/\/catolicanet.net\/wp-cnet\/wp-json\/wp\/v2\/comments?post=33123"}],"version-history":[{"count":1,"href":"https:\/\/catolicanet.net\/wp-cnet\/wp-json\/wp\/v2\/posts\/33123\/revisions"}],"predecessor-version":[{"id":33125,"href":"https:\/\/catolicanet.net\/wp-cnet\/wp-json\/wp\/v2\/posts\/33123\/revisions\/33125"}],"wp:featuredmedia":[{"embeddable":true,"href":"https:\/\/catolicanet.net\/wp-cnet\/wp-json\/wp\/v2\/media\/33124"}],"wp:attachment":[{"href":"https:\/\/catolicanet.net\/wp-cnet\/wp-json\/wp\/v2\/media?parent=33123"}],"wp:term":[{"taxonomy":"category","embeddable":true,"href":"https:\/\/catolicanet.net\/wp-cnet\/wp-json\/wp\/v2\/categories?post=33123"},{"taxonomy":"post_tag","embeddable":true,"href":"https:\/\/catolicanet.net\/wp-cnet\/wp-json\/wp\/v2\/tags?post=33123"}],"curies":[{"name":"wp","href":"https:\/\/api.w.org\/{rel}","templated":true}]}}