{"id":33107,"date":"2017-07-17T14:44:36","date_gmt":"2017-07-17T17:44:36","guid":{"rendered":"http:\/\/catolicanet.net\/wp-cnet\/?p=33107"},"modified":"2017-07-17T16:05:46","modified_gmt":"2017-07-17T19:05:46","slug":"melania-trump-e-brigitte-macron-veneram-a-coroa-de-espinhos-na-catedral-de-notre-dame","status":"publish","type":"post","link":"https:\/\/catolicanet.net\/wp-cnet\/melania-trump-e-brigitte-macron-veneram-a-coroa-de-espinhos-na-catedral-de-notre-dame\/","title":{"rendered":"Melania Trump e Brigitte Macron veneram a Coroa de Espinhos na Catedral de Notre-Dame"},"content":{"rendered":"<p style=\"text-align: justify;\">Melania solicitou uma visita especial \u00e0 catedral, onde acendeu duas velas<\/p>\n<p>Durante a visita de Donald Trump \u00e0 Fran\u00e7a, na semana passada, sua esposa Melania deu mais uma demonstra\u00e7\u00e3o p\u00fablica de f\u00e9 cat\u00f3lica assim como tinha feito na viagem do casal a Roma, em maio (veja aqui). Junto com Brigitte, a esposa do presidente franc\u00eas Emmanuel Macron, ela visitou a c\u00e9lebre catedral de Notre-Dame de Paris e foi al\u00e9m da dimens\u00e3o estritamente protocolar.<\/p>\n<p>Guiadas pelo bispo dom Patrick Chauvet, reitor da catedral, as duas primeiras-damas caminharam at\u00e9 a Sagrada Coroa de Espinhos de Jesus Cristo. A rel\u00edquia foi adquirida pelo rei franc\u00eas S\u00e3o Lu\u00eds IX durante as Cruzadas, no s\u00e9culo XIII, e preservada durante s\u00e9culos na Sainte Chapelle, bel\u00edssima igreja que o mesmo rei mandara construir precisamente para abrigar a rel\u00edquia (para se fascinar com essa capela feita de luz, confira este v\u00eddeo). Transferida para a catedral no s\u00e9culo XIX, a coroa tem di\u00e2metro de 21 cent\u00edmetros. V\u00e1rios dos seus espinhos j\u00e1 foram distribu\u00eddos por diversos santu\u00e1rios mundo afora.<\/p>\n<p>Depois de contemplarem a coroa de espinhos que foi posta na cabe\u00e7a de Jesus durante a Sua Paix\u00e3o, Melania Trump fez uma oferta para a catedral, assinou o livro de visitas, acendeu duas velas e rezou.<\/p>\n<p>\u201cNo final da visita, a Sra. Trump quis acender duas velas. N\u00e3o sei por qual inten\u00e7\u00e3o ela rezou. Mas ela quis confi\u00e1-la a Nossa Senhora de Paris\u201c, disse dom Chauvet \u00e0 edi\u00e7\u00e3o francesa da revista Fam\u00edlia Crist\u00e3 (cf. Famille Chr\u00e9tienne).<\/p>\n<p style=\"text-align: justify;\">\n<p style=\"text-align: justify;\">Fonte: Aleteia<\/p>\n","protected":false},"excerpt":{"rendered":"<p>Melania solicitou uma visita especial \u00e0 catedral, onde acendeu duas velas Durante a visita de Donald Trump \u00e0 Fran\u00e7a, na semana passada, sua esposa Melania deu mais uma demonstra\u00e7\u00e3o p\u00fablica de f\u00e9 cat\u00f3lica assim como tinha feito na viagem do casal a Roma, em maio (veja aqui). Junto com Brigitte, a esposa do presidente franc\u00eas [&hellip;]<\/p>\n","protected":false},"author":1,"featured_media":33108,"comment_status":"open","ping_status":"closed","sticky":false,"template":"","format":"standard","meta":{"footnotes":""},"categories":[4],"tags":[],"class_list":["post-33107","post","type-post","status-publish","format-standard","has-post-thumbnail","hentry","category-cotidiano"],"_links":{"self":[{"href":"https:\/\/catolicanet.net\/wp-cnet\/wp-json\/wp\/v2\/posts\/33107","targetHints":{"allow":["GET"]}}],"collection":[{"href":"https:\/\/catolicanet.net\/wp-cnet\/wp-json\/wp\/v2\/posts"}],"about":[{"href":"https:\/\/catolicanet.net\/wp-cnet\/wp-json\/wp\/v2\/types\/post"}],"author":[{"embeddable":true,"href":"https:\/\/catolicanet.net\/wp-cnet\/wp-json\/wp\/v2\/users\/1"}],"replies":[{"embeddable":true,"href":"https:\/\/catolicanet.net\/wp-cnet\/wp-json\/wp\/v2\/comments?post=33107"}],"version-history":[{"count":1,"href":"https:\/\/catolicanet.net\/wp-cnet\/wp-json\/wp\/v2\/posts\/33107\/revisions"}],"predecessor-version":[{"id":33109,"href":"https:\/\/catolicanet.net\/wp-cnet\/wp-json\/wp\/v2\/posts\/33107\/revisions\/33109"}],"wp:featuredmedia":[{"embeddable":true,"href":"https:\/\/catolicanet.net\/wp-cnet\/wp-json\/wp\/v2\/media\/33108"}],"wp:attachment":[{"href":"https:\/\/catolicanet.net\/wp-cnet\/wp-json\/wp\/v2\/media?parent=33107"}],"wp:term":[{"taxonomy":"category","embeddable":true,"href":"https:\/\/catolicanet.net\/wp-cnet\/wp-json\/wp\/v2\/categories?post=33107"},{"taxonomy":"post_tag","embeddable":true,"href":"https:\/\/catolicanet.net\/wp-cnet\/wp-json\/wp\/v2\/tags?post=33107"}],"curies":[{"name":"wp","href":"https:\/\/api.w.org\/{rel}","templated":true}]}}