{"id":33100,"date":"2017-07-17T13:33:24","date_gmt":"2017-07-17T16:33:24","guid":{"rendered":"http:\/\/catolicanet.net\/wp-cnet\/?p=33100"},"modified":"2017-07-17T15:49:52","modified_gmt":"2017-07-17T18:49:52","slug":"papa-francisco-nomeia-novo-juiz-unico-do-vaticano","status":"publish","type":"post","link":"https:\/\/catolicanet.net\/wp-cnet\/papa-francisco-nomeia-novo-juiz-unico-do-vaticano\/","title":{"rendered":"Papa Francisco nomeia novo juiz \u00fanico do Vaticano"},"content":{"rendered":"<p style=\"text-align: justify;\">Vaticano, 17 Jul. 17 \/ 01:00 pm (ACI).- O Papa Francisco nomeou o novo juiz do Tribunal do Estado da Cidade do Vaticano o professor Paolo Papanti Pelletier, que substitui Pietro Antonio Bonnet.<\/p>\n<p>\u00c9 o \u00fanico juiz que existe no Vaticano. Al\u00e9m dessa figura, existe o Tribunal, composto por tr\u00eas pessoas. Depois, h\u00e1 a Corte de apela\u00e7\u00e3o e, por \u00faltimo, a de cassa\u00e7\u00e3o.<\/p>\n<p>At\u00e9 o tribunal, o juiz \u00e9 um leigo, mas, a partir da carte de apela\u00e7\u00e3o, os ju\u00edzes s\u00e3o todos membros do clero.<\/p>\n<p>O novo juiz do Vaticano foi professor na Universidade de Tor Vergata, em Roma, e tamb\u00e9m teve um importante papel durante o julgamento do mordomo de Bento XVI, Paolo Gabriele, acusado de roubar documentos privados do Papa no processo que ficou conhecido como Vatileaks.<\/p>\n<p>Por outro lado, o Pont\u00edfice nomeou o Cardeal Giuseppe Versaldi como membro da Congrega\u00e7\u00e3o para a Doutrina da F\u00e9.<\/p>\n<p>Cardeal Versaldi \u00e9 tamb\u00e9m Prefeito da Congrega\u00e7\u00e3o para a Educa\u00e7\u00e3o Cat\u00f3lica e foi Prefeito da Prefeitura para os Assuntos Econ\u00f4micos, que h\u00e1 algum tempo foi substitu\u00edda pela Secretaria para a Economia.<\/p>\n<p style=\"text-align: justify;\">Fonte: Acidigital<\/p>\n","protected":false},"excerpt":{"rendered":"<p>Vaticano, 17 Jul. 17 \/ 01:00 pm (ACI).- O Papa Francisco nomeou o novo juiz do Tribunal do Estado da Cidade do Vaticano o professor Paolo Papanti Pelletier, que substitui Pietro Antonio Bonnet. \u00c9 o \u00fanico juiz que existe no Vaticano. Al\u00e9m dessa figura, existe o Tribunal, composto por tr\u00eas pessoas. Depois, h\u00e1 a Corte [&hellip;]<\/p>\n","protected":false},"author":1,"featured_media":33101,"comment_status":"open","ping_status":"closed","sticky":false,"template":"","format":"standard","meta":{"footnotes":""},"categories":[4],"tags":[],"class_list":["post-33100","post","type-post","status-publish","format-standard","has-post-thumbnail","hentry","category-cotidiano"],"_links":{"self":[{"href":"https:\/\/catolicanet.net\/wp-cnet\/wp-json\/wp\/v2\/posts\/33100","targetHints":{"allow":["GET"]}}],"collection":[{"href":"https:\/\/catolicanet.net\/wp-cnet\/wp-json\/wp\/v2\/posts"}],"about":[{"href":"https:\/\/catolicanet.net\/wp-cnet\/wp-json\/wp\/v2\/types\/post"}],"author":[{"embeddable":true,"href":"https:\/\/catolicanet.net\/wp-cnet\/wp-json\/wp\/v2\/users\/1"}],"replies":[{"embeddable":true,"href":"https:\/\/catolicanet.net\/wp-cnet\/wp-json\/wp\/v2\/comments?post=33100"}],"version-history":[{"count":2,"href":"https:\/\/catolicanet.net\/wp-cnet\/wp-json\/wp\/v2\/posts\/33100\/revisions"}],"predecessor-version":[{"id":33103,"href":"https:\/\/catolicanet.net\/wp-cnet\/wp-json\/wp\/v2\/posts\/33100\/revisions\/33103"}],"wp:featuredmedia":[{"embeddable":true,"href":"https:\/\/catolicanet.net\/wp-cnet\/wp-json\/wp\/v2\/media\/33101"}],"wp:attachment":[{"href":"https:\/\/catolicanet.net\/wp-cnet\/wp-json\/wp\/v2\/media?parent=33100"}],"wp:term":[{"taxonomy":"category","embeddable":true,"href":"https:\/\/catolicanet.net\/wp-cnet\/wp-json\/wp\/v2\/categories?post=33100"},{"taxonomy":"post_tag","embeddable":true,"href":"https:\/\/catolicanet.net\/wp-cnet\/wp-json\/wp\/v2\/tags?post=33100"}],"curies":[{"name":"wp","href":"https:\/\/api.w.org\/{rel}","templated":true}]}}