{"id":33090,"date":"2017-07-17T11:55:24","date_gmt":"2017-07-17T14:55:24","guid":{"rendered":"http:\/\/catolicanet.net\/wp-cnet\/?p=33090"},"modified":"2017-07-17T15:32:32","modified_gmt":"2017-07-17T18:32:32","slug":"hoje-a-igreja-recorda-16-carmelitas-martires-decapitadas-na-revolucao-francesa","status":"publish","type":"post","link":"https:\/\/catolicanet.net\/wp-cnet\/hoje-a-igreja-recorda-16-carmelitas-martires-decapitadas-na-revolucao-francesa\/","title":{"rendered":"Hoje a Igreja recorda 16 carmelitas m\u00e1rtires decapitadas na Revolu\u00e7\u00e3o Francesa"},"content":{"rendered":"<p style=\"text-align: justify;\">No dia seguinte \u00e0 festa de Nossa Senhora do Carmo, recorda-se hoje as 16 carmelitas de Compi\u00e8gne (Fran\u00e7a), que foram decapitadas por \u00f3dio \u00e0 f\u00e9 durante a Revolu\u00e7\u00e3o Francesa, como foi profetizado 100 anos antes de sua morte.<\/p>\n<p style=\"text-align: justify;\">As carmelitas se estabeleceram em Compi\u00e8gne em 1641 e, fi\u00e9is ao esp\u00edrito de Santa Teresa, ganharam a estima dos moradores. Entretanto, durante a Revolu\u00e7\u00e3o Francesa, seu convento foi fechado e as religiosas foram for\u00e7adas a viver como seculares segundo a lei revolucion\u00e1ria de 1790.<\/p>\n<p style=\"text-align: justify;\">Dias depois, foram obrigadas a assinar o chamado \u201cjuramento revolucion\u00e1rio\u201d (liberdade, igualdade e fraternidade) para n\u00e3o serem deportadas e a comunidade passou a residir em quatro casas diferentes.<\/p>\n<p style=\"text-align: justify;\">Passado um tempo, a priora Teresa de Santo Agostinho prop\u00f4s a suas irm\u00e3s que fizessem novamente uma estrita vida conventual, como se n\u00e3o tivessem sido exclausuradas. Desse modo, e apesar de estarem em diferentes casas, viveram a obedi\u00eancia a sua superiora.<\/p>\n<p style=\"text-align: justify;\">Algumas pessoas perceberam e denunciaram ao Comit\u00ea de Sa\u00fade P\u00fablica, que imediatamente investigou as casas colheu \u201cprovas de vida conventual\u201d como uma estampa do Sagrado Cora\u00e7\u00e3o, cartas e escritos. Isso foi visto como um compl\u00f4 secreto para o \u201crestabelecimento da monarquia e o desaparecimento da Rep\u00fablica\u201d.<\/p>\n<p style=\"text-align: justify;\">Foram detidas, embora algumas tenham conseguido escapar. Ent\u00e3o, as carmelitas concordaram de retirar o juramento revolucion\u00e1rio. Quando lhes foi pedido que voltassem a assin\u00e1-lo, disseram que n\u00e3o fariam e foram acusadas de \u201cconspirar contra a revolu\u00e7\u00e3o\u201d.<\/p>\n<p style=\"text-align: justify;\">Foram levadas a Paris com as m\u00e3os amarradas sobre duas carro\u00e7as. Ao chegar, colocaram-nas na pris\u00e3o da Conciergerie, antessala da guilhotina, junto com outros presos, religiosos e seculares.<\/p>\n<p style=\"text-align: justify;\">Presas, as carmelitas se tornaram um modelo de piedade e firmeza na f\u00e9. Continuaram com suas ora\u00e7\u00f5es e conseguiram festejam Nossa Senhora do Carmo em 16 de julho com muita alegria e solenidade.<\/p>\n<p style=\"text-align: justify;\">Em 17 de julho de 1794, compareceram diante do Tribunal Revolucion\u00e1rio e todas foram condenadas a morte.<\/p>\n<p style=\"text-align: justify;\">Aos p\u00e9s da guilhotina, cantaram o \u201cTe Deum\u201d, renovaram suas promessas e votos e subiram uma a uma para oferecer sua vida dando um corajoso testemunho de Cristo.<\/p>\n<p style=\"text-align: justify;\">Assim, cumpriu-se o que cem anos antes uma religiosa da mesma comunidade de Compi\u00e8gne havia visto em uma esp\u00e9cie de sonho ou revela\u00e7\u00e3o, na qual todas as carmelitas do mosteiro estavam vestidas de branco e levando a palma do mart\u00edrio.<\/p>\n<p style=\"text-align: justify;\">Foram beatificadas por S\u00e3o Pio X em 1906.<\/p>\n<p style=\"text-align: justify;\">Fonte: Acidigital<\/p>\n","protected":false},"excerpt":{"rendered":"<p>No dia seguinte \u00e0 festa de Nossa Senhora do Carmo, recorda-se hoje as 16 carmelitas de Compi\u00e8gne (Fran\u00e7a), que foram decapitadas por \u00f3dio \u00e0 f\u00e9 durante a Revolu\u00e7\u00e3o Francesa, como foi profetizado 100 anos antes de sua morte. As carmelitas se estabeleceram em Compi\u00e8gne em 1641 e, fi\u00e9is ao esp\u00edrito de Santa Teresa, ganharam a [&hellip;]<\/p>\n","protected":false},"author":1,"featured_media":33091,"comment_status":"open","ping_status":"closed","sticky":false,"template":"","format":"standard","meta":{"footnotes":""},"categories":[4],"tags":[],"class_list":["post-33090","post","type-post","status-publish","format-standard","has-post-thumbnail","hentry","category-cotidiano"],"_links":{"self":[{"href":"https:\/\/catolicanet.net\/wp-cnet\/wp-json\/wp\/v2\/posts\/33090","targetHints":{"allow":["GET"]}}],"collection":[{"href":"https:\/\/catolicanet.net\/wp-cnet\/wp-json\/wp\/v2\/posts"}],"about":[{"href":"https:\/\/catolicanet.net\/wp-cnet\/wp-json\/wp\/v2\/types\/post"}],"author":[{"embeddable":true,"href":"https:\/\/catolicanet.net\/wp-cnet\/wp-json\/wp\/v2\/users\/1"}],"replies":[{"embeddable":true,"href":"https:\/\/catolicanet.net\/wp-cnet\/wp-json\/wp\/v2\/comments?post=33090"}],"version-history":[{"count":2,"href":"https:\/\/catolicanet.net\/wp-cnet\/wp-json\/wp\/v2\/posts\/33090\/revisions"}],"predecessor-version":[{"id":33093,"href":"https:\/\/catolicanet.net\/wp-cnet\/wp-json\/wp\/v2\/posts\/33090\/revisions\/33093"}],"wp:featuredmedia":[{"embeddable":true,"href":"https:\/\/catolicanet.net\/wp-cnet\/wp-json\/wp\/v2\/media\/33091"}],"wp:attachment":[{"href":"https:\/\/catolicanet.net\/wp-cnet\/wp-json\/wp\/v2\/media?parent=33090"}],"wp:term":[{"taxonomy":"category","embeddable":true,"href":"https:\/\/catolicanet.net\/wp-cnet\/wp-json\/wp\/v2\/categories?post=33090"},{"taxonomy":"post_tag","embeddable":true,"href":"https:\/\/catolicanet.net\/wp-cnet\/wp-json\/wp\/v2\/tags?post=33090"}],"curies":[{"name":"wp","href":"https:\/\/api.w.org\/{rel}","templated":true}]}}