{"id":33079,"date":"2017-07-17T11:15:01","date_gmt":"2017-07-17T14:15:01","guid":{"rendered":"http:\/\/catolicanet.net\/wp-cnet\/?p=33079"},"modified":"2017-07-17T15:05:57","modified_gmt":"2017-07-17T18:05:57","slug":"boko-haram-ataca-mesquita-na-nigeria","status":"publish","type":"post","link":"https:\/\/catolicanet.net\/wp-cnet\/boko-haram-ataca-mesquita-na-nigeria\/","title":{"rendered":"Boko Haram ataca mesquita na Nig\u00e9ria"},"content":{"rendered":"<p style=\"text-align: justify;\">Abuja (RV) &#8211; \u201cBoko Haram \u00e9 um inimigo da humanidade e n\u00e3o hesita em matar fi\u00e9is mu\u00e7ulmanos. A sua t\u00e1tica \u00e9 a de cometer delitos atrozes contra civis inocentes de forma a maximizar o impacto terrorista na popula\u00e7\u00e3o\u201d.<\/p>\n<p>Foi o que afirmou \u00e0 Ag\u00eancia Fides o Padre Gideon Obasogie, Diretor das Comunica\u00e7\u00f5es Sociais da Diocese de Maiduguri, capital do Estado de Borno, norte da Nig\u00e9ria, ao comentar o atentado suicida cometido na manh\u00e3 desta segunda-feira (17\/07) em uma mesquita, matando ao menos 8 pessoas.<\/p>\n<p>A mesquita alvo do ataque do Boko Haram encontra-se no Bairro de London Ciki de Maiduguri.<\/p>\n<p>\u201cNos \u00faltimos meses o Boko Haram atacou lugares lotados de Maiduguri e de suas periferias, como mercados e hospitais. O grupo jihadista ataca os civis, tamb\u00e9m porque eles organizaram mil\u00edcias de autodefesa para tentar limitar os ataques\u201d, disse Padre Obasogie.<\/p>\n<p>Em 13 de julho, quatro atentados suicidas provocaram a morte de 19 pessoas, a maior parte delas pertencentes \u00e0s mil\u00edcias de autodefesa.<\/p>\n<p>\u201cInfelizmente no fen\u00f4meno do Boko Haram existem pol\u00edticos envolvidos. Se n\u00e3o houvesse estes interesses pol\u00edticos, Boko Haram h\u00e1 diversos tempos n\u00e3o seria mais um problema\u201d, conclui Padre Obasogie.<\/p>\n<p style=\"text-align: justify;\">\n<p style=\"text-align: justify;\">Fonte: R\u00e1dio Vaticano<\/p>\n","protected":false},"excerpt":{"rendered":"<p>Abuja (RV) &#8211; \u201cBoko Haram \u00e9 um inimigo da humanidade e n\u00e3o hesita em matar fi\u00e9is mu\u00e7ulmanos. A sua t\u00e1tica \u00e9 a de cometer delitos atrozes contra civis inocentes de forma a maximizar o impacto terrorista na popula\u00e7\u00e3o\u201d. Foi o que afirmou \u00e0 Ag\u00eancia Fides o Padre Gideon Obasogie, Diretor das Comunica\u00e7\u00f5es Sociais da Diocese [&hellip;]<\/p>\n","protected":false},"author":1,"featured_media":33080,"comment_status":"open","ping_status":"closed","sticky":false,"template":"","format":"standard","meta":{"footnotes":""},"categories":[3],"tags":[],"class_list":["post-33079","post","type-post","status-publish","format-standard","has-post-thumbnail","hentry","category-vaticano"],"_links":{"self":[{"href":"https:\/\/catolicanet.net\/wp-cnet\/wp-json\/wp\/v2\/posts\/33079","targetHints":{"allow":["GET"]}}],"collection":[{"href":"https:\/\/catolicanet.net\/wp-cnet\/wp-json\/wp\/v2\/posts"}],"about":[{"href":"https:\/\/catolicanet.net\/wp-cnet\/wp-json\/wp\/v2\/types\/post"}],"author":[{"embeddable":true,"href":"https:\/\/catolicanet.net\/wp-cnet\/wp-json\/wp\/v2\/users\/1"}],"replies":[{"embeddable":true,"href":"https:\/\/catolicanet.net\/wp-cnet\/wp-json\/wp\/v2\/comments?post=33079"}],"version-history":[{"count":1,"href":"https:\/\/catolicanet.net\/wp-cnet\/wp-json\/wp\/v2\/posts\/33079\/revisions"}],"predecessor-version":[{"id":33081,"href":"https:\/\/catolicanet.net\/wp-cnet\/wp-json\/wp\/v2\/posts\/33079\/revisions\/33081"}],"wp:featuredmedia":[{"embeddable":true,"href":"https:\/\/catolicanet.net\/wp-cnet\/wp-json\/wp\/v2\/media\/33080"}],"wp:attachment":[{"href":"https:\/\/catolicanet.net\/wp-cnet\/wp-json\/wp\/v2\/media?parent=33079"}],"wp:term":[{"taxonomy":"category","embeddable":true,"href":"https:\/\/catolicanet.net\/wp-cnet\/wp-json\/wp\/v2\/categories?post=33079"},{"taxonomy":"post_tag","embeddable":true,"href":"https:\/\/catolicanet.net\/wp-cnet\/wp-json\/wp\/v2\/tags?post=33079"}],"curies":[{"name":"wp","href":"https:\/\/api.w.org\/{rel}","templated":true}]}}