{"id":33073,"date":"2017-07-17T11:03:29","date_gmt":"2017-07-17T14:03:29","guid":{"rendered":"http:\/\/catolicanet.net\/wp-cnet\/?p=33073"},"modified":"2017-07-17T15:01:40","modified_gmt":"2017-07-17T18:01:40","slug":"papa-envia-carta-a-evento-internacional-sobre-laudato-si-e-grandes-cidades-no-rio","status":"publish","type":"post","link":"https:\/\/catolicanet.net\/wp-cnet\/papa-envia-carta-a-evento-internacional-sobre-laudato-si-e-grandes-cidades-no-rio\/","title":{"rendered":"Papa envia carta a evento internacional sobre Laudato Si e Grandes Cidades no Rio"},"content":{"rendered":"<p style=\"text-align: justify;\">O Papa Francisco enviou uma mensagem a todos os participantes do II Congresso Internacional Laudato Si e Grandes Cidades, aberto nesta quinta-feira, 13, no Rio de Janeiro. No texto, o Pont\u00edfice recorda a carta enc\u00edclica Laudato Si na qual faz refer\u00eancia a v\u00e1rias necessidades f\u00edsicas que o homem de hoje tem nas grandes cidades e que necessitam ser afrontadas com respeito, responsabilidade e rela\u00e7\u00e3o.<\/p>\n<p style=\"text-align: justify;\">O II Congresso acontece de 13 a 15 de julho, no Rio de Janeiro, no audit\u00f3rio do Edif\u00edcio Jo\u00e3o Paulo II, na Gl\u00f3ria. O encontro dever\u00e1 abordar as quest\u00f5es ecol\u00f3gicas e ambientais das metr\u00f3poles no planeta. A confer\u00eancia ter\u00e1 tr\u00eas quest\u00f5es ambientais chave: \u00e1gua, ar e res\u00edduos, atrav\u00e9s das quais ser\u00e3o apresentadas as atuais e futuras situa\u00e7\u00f5es. A Enc\u00edclica Laudato si do Papa Francisco ser\u00e1 utilizada como ponto inicial de discuss\u00e3o, com o objetivo de abordar os aspectos ambientais, sociais, \u00e9ticos e de gest\u00e3o associados \u00e0s grandes cidades.<\/p>\n<p style=\"text-align: justify;\">Com apoio da Arquidiocese do Rio, o encontro \u00e9 organizado pela Funda\u00e7\u00e3o Antoni Gaudi para as Grandes Cidades, localizada em Barcelona, na Espanha, cujo objetivo \u00e9 contribuir para a humaniza\u00e7\u00e3o dos grandes centros urbanos. A institui\u00e7\u00e3o nasceu logo ap\u00f3s a Confer\u00eancia Internacional das Grandes Cidades, em Barcelona e Roma, em 2015.<\/p>\n<p style=\"text-align: justify;\">Motiva\u00e7\u00e3o, objetivos e organiza\u00e7\u00e3o<\/p>\n<p style=\"text-align: justify;\">Cerca de 80% da popula\u00e7\u00e3o brasileira vive em grandes cidades. Tanto no Brasil como em outros pa\u00edses do mundo as metr\u00f3poles crescem em n\u00famero e tamanho, contribuindo, diretamente, para as problem\u00e1ticas que envolvem o meio ambiente. Essa \u00e9 a principal motiva\u00e7\u00e3o para a realiza\u00e7\u00e3o da confer\u00eancia no Rio de Janeiro.<\/p>\n<p style=\"text-align: justify;\">O car\u00e1ter internacional da confer\u00eancia se reflete no esbo\u00e7o da discuss\u00e3o das quest\u00f5es levantadas e na origem dos palestrantes, provenientes de diferentes continentes e renomados pela compet\u00eancia t\u00e9cnica, cient\u00edfica e social.<\/p>\n<p style=\"text-align: justify;\">Pela manh\u00e3, as confer\u00eancias ser\u00e3o dedicadas a aspectos t\u00e9cnicos, administrativos e \u00e9ticos para a \u00e1gua, o ar e os res\u00edduos, seguidas de debates entre oradores e participantes. \u00c0 tarde, ser\u00e3o destacados os pain\u00e9is de discuss\u00f5es sobre gerenciamento, reflex\u00e3o \u00e9tica e social e cient\u00edfico-t\u00e9cnico.<\/p>\n<p style=\"text-align: justify;\">O primeiro deles ser\u00e1 composto por prefeitos de diferentes pa\u00edses; o segundo por l\u00edderes religiosos de diferentes denomina\u00e7\u00f5es e o terceiro por reitores de universidades de diferentes pa\u00edses.<\/p>\n<p style=\"text-align: justify;\">Oradores e convidados<\/p>\n<p style=\"text-align: justify;\">O encontro contar\u00e1 com a presen\u00e7a de prefeitos das grandes cidades de diversos pa\u00edses, al\u00e9m de secret\u00e1rios de Meio Ambiente e Urbanismo, reitores das maiores universidades do Brasil, bem como professores, universit\u00e1rios e l\u00edderes religiosos de diferentes denomina\u00e7\u00f5es.<\/p>\n<p style=\"text-align: justify;\">Estar\u00e3o o arcebispo do Rio, Cardeal Orani Jo\u00e3o Tempesta, o Presidente do Pontif\u00edcio Conselho Justi\u00e7a e Paz, Cardeal Peter Kodwo Appiah Turkson, o arcebispo em\u00e9rito de Barcelona, Cardeal Llu\u00eds Mart\u00ednez Sistach, o arcebispo de S\u00e3o Paulo, Dom Odilo Pedro Scherer, o Presidente da Comiss\u00e3o Episcopal para a Amaz\u00f4nia, Cardeal Cl\u00e1udio Hummes e o arcebispo de Bras\u00edlia, Presidente da CNBB, Cardeal S\u00e9rgio da Rocha.<\/p>\n<p style=\"text-align: justify;\">\u00cdntegra da carta do papa Francisco saudando o evento<\/p>\n<p style=\"text-align: justify;\">A sua Emin\u00eancia o Cardeal Lluis Mart\u00ednez Sistach<br \/>\nArcebispo em\u00e9rito de Barcelona<\/p>\n<p style=\"text-align: justify;\">Vaticano, 12 de junho de 2017.<\/p>\n<p style=\"text-align: justify;\">Querido irm\u00e3o, O sa\u00fado atentamente, como tamb\u00e9m a todos os que participam do evento: Congresso Internacional \u201cLaudato si e Grandes Cidades\u201d.<\/p>\n<p style=\"text-align: justify;\">Na Carta enc\u00edclica Laudato si fa\u00e7o refer\u00eancia a varias necessidades f\u00edsicas que o homem de hoje tem nas grandes cidades e que necessitam ser afrontadas com respeito, responsabilidade e rela\u00e7\u00e3o. S\u00e3o tr\u00eas \u201cR\u201d que ajudam atuar de forma conjunta diante dos imperativos mais essenciais de nossa conviv\u00eancia.<\/p>\n<p style=\"text-align: justify;\">O respeito \u00e9 a atitude fundamental que o homem h\u00e1 de ter com a cria\u00e7\u00e3o. Esta a recebemos como um dom precioso e devemos esfor\u00e7ar-nos para que as gera\u00e7\u00f5es futuras possam seguir admirando-a e desfrutando-a. Este cuidado devemos ensin\u00e1-lo e transmiti-lo. S\u00e3o Francisco de Assis afirmava em seu C\u00e2ntico \u00e0s criaturas: \u201cLouvado sejas, meu senhor, pela irm\u00e3 agua, a qual \u00e9 muito \u00fatil, humilde, preciosa e casta\u201d. Nestes adjetivos se expressa a beleza e import\u00e2ncia deste elemento, que \u00e9 indispens\u00e1vel para a vida. Como outros elementos criados, a \u00e1gua pot\u00e1vel e limpa \u00e9 express\u00e3o do amor atento e providente de Deus por cada uma de suas criaturas, sendo um direito fundamental, que toda sociedade deve garantir (cf. Laudato si, 30). Quando n\u00e3o se lhe presta a aten\u00e7\u00e3o que merece, se transforma em fonte de enfermidades e sua escassez p\u00f5e em perigo a vida de milh\u00f5es de pessoas. \u00c9 um dever de todos criar na sociedade uma consci\u00eancia de respeito por nosso entorno, isto beneficia a n\u00f3s e as gera\u00e7\u00f5es futuras.<\/p>\n<p style=\"text-align: justify;\">A responsabilidade diante da cria\u00e7\u00e3o \u00e9 o modo com o qual devemos atuar com ela e constitui uma de nossas tarefas primordiais. N\u00e3o podemos ficar com os bra\u00e7os cruzados, quando advertimos uma grave diminui\u00e7\u00e3o da qualidade do ar ou o aumento da produ\u00e7\u00e3o de res\u00edduos que n\u00e3o s\u00e3o adequadamente tratados. Essas realidades s\u00e3o consequ\u00eancia de uma forma irrespons\u00e1vel de manipular a cria\u00e7\u00e3o e nos chamam a exercer uma responsabilidade ativa para o bem de todos. Al\u00e9m disso, comprovamos uma indiferen\u00e7a diante da nossa casa comum e, lamentavelmente, diante de tantas trag\u00e9dias e necessidades que golpeiam a nossos irm\u00e3os e irm\u00e3s. Essa passividade demostra a \u201cperda daquele sentido de responsabilidade pelos nossos semelhantes sobre a qual se funda toda a sociedade civil\u201d (Laudato si, 25). Cada territ\u00f3rio e governo deveria incentivar modos de atuar respons\u00e1veis em seus cidad\u00e3os para que, com criatividade, possam atuar e favorecer a cria\u00e7\u00e3o de uma casa mais habit\u00e1vel e mais saud\u00e1vel. Colocando cada um o pouco que lhe corresponde em sua responsabilidade, se estar\u00e1 ganhando muito.<\/p>\n<p style=\"text-align: justify;\">Se observa nas grandes cidades, como tamb\u00e9m nas zonas rurais, uma crescente falta de rela\u00e7\u00e3o. Com independ\u00eancia da causa que o produz, o fluxo constante de pessoas gera uma sociedade mais plural, multicultural, que \u00e9 um bem, produz riqueza e crescimento social e pessoal; por\u00e9m, tamb\u00e9m faz que esta sociedade seja cada vez mais fechada e desconfiada. A falta de ra\u00edzes e o isolamento de algumas pessoas s\u00e3o formas de pobreza, que podem degenerar em guetos e originar viol\u00eancia e injusti\u00e7a. Contudo, o homem est\u00e1 chamado a amar e ser amado, estabelecendo v\u00ednculos de perten\u00e7a e la\u00e7os de unidade entre todos os seus semelhantes. \u00c9 importante que a sociedade trabalhe conjuntamente em \u00e2mbito pol\u00edtico, educativo e religioso para criar rela\u00e7\u00f5es humanas mais c\u00e1lidas, que derrubem os muros que isolam e marginam. Isto se pode conseguir atrav\u00e9s de grupos, escolas, par\u00f3quias, etc., que sejam capazes de construir com sua presen\u00e7a uma rede de comunh\u00e3o e de perten\u00e7a, para favorecer uma melhor conviv\u00eancia e conseguir superar tantas dificuldades. Dessa maneira, \u201cqualquer lugar deixa de ser um inferno e se converte no contexto de uma vida digna\u201d (Laudato si, 149).<\/p>\n<p style=\"text-align: justify;\">Pe\u00e7o a intercess\u00e3o da Virgem Santa, Rainha do c\u00e9u e da terra, por essas jornadas de estudo e de reflex\u00e3o. Que seu conselho e guia oriente suas decis\u00f5es em favor de uma ecologia integral que proteja nossa casa comum e construa uma civiliza\u00e7\u00e3o cada vez mais humana e solidaria.<\/p>\n<p style=\"text-align: justify;\">Por favor, lhes pe\u00e7o que rezem por mim e pe\u00e7o ao Senhor que vos aben\u00e7\u00f5e.<\/p>\n<p style=\"text-align: justify;\">Francisco<\/p>\n<p style=\"text-align: justify;\">Fonte: CNBB<\/p>\n","protected":false},"excerpt":{"rendered":"<p>O Papa Francisco enviou uma mensagem a todos os participantes do II Congresso Internacional Laudato Si e Grandes Cidades, aberto nesta quinta-feira, 13, no Rio de Janeiro. No texto, o Pont\u00edfice recorda a carta enc\u00edclica Laudato Si na qual faz refer\u00eancia a v\u00e1rias necessidades f\u00edsicas que o homem de hoje tem nas grandes cidades e [&hellip;]<\/p>\n","protected":false},"author":1,"featured_media":33074,"comment_status":"open","ping_status":"closed","sticky":false,"template":"","format":"standard","meta":{"footnotes":""},"categories":[7],"tags":[],"class_list":["post-33073","post","type-post","status-publish","format-standard","has-post-thumbnail","hentry","category-cnbb"],"_links":{"self":[{"href":"https:\/\/catolicanet.net\/wp-cnet\/wp-json\/wp\/v2\/posts\/33073","targetHints":{"allow":["GET"]}}],"collection":[{"href":"https:\/\/catolicanet.net\/wp-cnet\/wp-json\/wp\/v2\/posts"}],"about":[{"href":"https:\/\/catolicanet.net\/wp-cnet\/wp-json\/wp\/v2\/types\/post"}],"author":[{"embeddable":true,"href":"https:\/\/catolicanet.net\/wp-cnet\/wp-json\/wp\/v2\/users\/1"}],"replies":[{"embeddable":true,"href":"https:\/\/catolicanet.net\/wp-cnet\/wp-json\/wp\/v2\/comments?post=33073"}],"version-history":[{"count":3,"href":"https:\/\/catolicanet.net\/wp-cnet\/wp-json\/wp\/v2\/posts\/33073\/revisions"}],"predecessor-version":[{"id":33077,"href":"https:\/\/catolicanet.net\/wp-cnet\/wp-json\/wp\/v2\/posts\/33073\/revisions\/33077"}],"wp:featuredmedia":[{"embeddable":true,"href":"https:\/\/catolicanet.net\/wp-cnet\/wp-json\/wp\/v2\/media\/33074"}],"wp:attachment":[{"href":"https:\/\/catolicanet.net\/wp-cnet\/wp-json\/wp\/v2\/media?parent=33073"}],"wp:term":[{"taxonomy":"category","embeddable":true,"href":"https:\/\/catolicanet.net\/wp-cnet\/wp-json\/wp\/v2\/categories?post=33073"},{"taxonomy":"post_tag","embeddable":true,"href":"https:\/\/catolicanet.net\/wp-cnet\/wp-json\/wp\/v2\/tags?post=33073"}],"curies":[{"name":"wp","href":"https:\/\/api.w.org\/{rel}","templated":true}]}}