{"id":3304,"date":"2013-11-04T15:17:49","date_gmt":"2013-11-04T17:17:49","guid":{"rendered":"http:\/\/catolicanet.net\/wp-cnet\/nigeria-continuam-os-atentados\/"},"modified":"2017-03-23T11:15:00","modified_gmt":"2017-03-23T14:15:00","slug":"nigeria-continuam-os-atentados","status":"publish","type":"post","link":"https:\/\/catolicanet.net\/wp-cnet\/nigeria-continuam-os-atentados\/","title":{"rendered":"Nig\u00e9ria: continuam os atentados"},"content":{"rendered":"<p style=\"text-align: justify;\">Sangue na Nig\u00e9ria. \u00c9 de 30 v\u00edtimas o balan\u00e7o do atentado perpetrado s\u00e1bado, durante um matrim\u00f4nio no Estado de Borno. A pol\u00edcia aponta o dedo contra a seita radical isl\u00e2mica Boko Haram; outra trag\u00e9dia se verificou no sul do pa\u00eds onde 28 fi\u00e9is cat\u00f3licos perderam a vida no empurra-empurra na sa\u00edda da igreja de S\u00e3o Domingos: na origem do tumulto talvez um princ\u00edpio de inc\u00eandio.<\/p>\n<p>\u201cUma cena cruenta, uma massacre com os corpos das v\u00edtimas dispersos pela rua\u201d: dessa maneira algumas testemunhas descrevem o ataque contra um grupo de pessoas que participou de um matrim\u00f4nio no Estado nigeriano de Borno e que estava retornando a Maiduguri ap\u00f3s a cerim\u00f4nia e a festa. Entre as v\u00edtimas tamb\u00e9m o esposo, que morreu no local, e alguns parentes e amigos. Os agressores que fugiram est\u00e3o sendo procurados pela pol\u00edcia.<\/p>\n<p>O grupo integralista Boko Haram, que foi atacado nos \u00faltimos dias pelo ex\u00e9rcito do governo, reivindicou o atentado. O porta-voz da seguran\u00e7a definiu o atentado \u201cbrutal e cruento\u201d assegurando que ser\u00e1 feita justi\u00e7a.<\/p>\n<p>Entretanto, subiu a 28 o n\u00famero das v\u00edtimas, todos fi\u00e9is cat\u00f3licos, em conseq\u00fc\u00eancia do tumulto que se criou em um uma igreja de Uke, no Estado sul-oriental de Anambra, durante a vig\u00edlia de Todos os Santos. Algumas reconstru\u00e7\u00f5es falam de falso alarme de inc\u00eandio, outras de uma briga que teve in\u00edcio por motivos de pol\u00edtica local. De fato, dentro da igreja de S\u00e3o Domingos havia um n\u00famero de fi\u00e9is muito superior \u00e0 capacidade do edif\u00edcio, disseram as autoridades locais.<\/p>\n<p style=\"text-align: justify;\">\u00a0<\/p>\n<p style=\"text-align: justify;\"><strong>Local: Roma <br \/>Fonte: R\u00e1dio Vaticano<\/strong><\/p>\n","protected":false},"excerpt":{"rendered":"<p>Sangue na Nig\u00e9ria. \u00c9 de 30 v\u00edtimas o balan\u00e7o do atentado perpetrado s\u00e1bado, durante um matrim\u00f4nio no Estado de Borno. A pol\u00edcia aponta o dedo contra a seita radical isl\u00e2mica Boko Haram; outra trag\u00e9dia se verificou no sul do pa\u00eds onde 28 fi\u00e9is cat\u00f3licos perderam a vida no empurra-empurra na sa\u00edda da igreja de S\u00e3o [&hellip;]<\/p>\n","protected":false},"author":1,"featured_media":0,"comment_status":"closed","ping_status":"closed","sticky":false,"template":"","format":"standard","meta":{"footnotes":""},"categories":[4],"tags":[],"class_list":["post-3304","post","type-post","status-publish","format-standard","hentry","category-cotidiano"],"_links":{"self":[{"href":"https:\/\/catolicanet.net\/wp-cnet\/wp-json\/wp\/v2\/posts\/3304","targetHints":{"allow":["GET"]}}],"collection":[{"href":"https:\/\/catolicanet.net\/wp-cnet\/wp-json\/wp\/v2\/posts"}],"about":[{"href":"https:\/\/catolicanet.net\/wp-cnet\/wp-json\/wp\/v2\/types\/post"}],"author":[{"embeddable":true,"href":"https:\/\/catolicanet.net\/wp-cnet\/wp-json\/wp\/v2\/users\/1"}],"replies":[{"embeddable":true,"href":"https:\/\/catolicanet.net\/wp-cnet\/wp-json\/wp\/v2\/comments?post=3304"}],"version-history":[{"count":1,"href":"https:\/\/catolicanet.net\/wp-cnet\/wp-json\/wp\/v2\/posts\/3304\/revisions"}],"predecessor-version":[{"id":7546,"href":"https:\/\/catolicanet.net\/wp-cnet\/wp-json\/wp\/v2\/posts\/3304\/revisions\/7546"}],"wp:attachment":[{"href":"https:\/\/catolicanet.net\/wp-cnet\/wp-json\/wp\/v2\/media?parent=3304"}],"wp:term":[{"taxonomy":"category","embeddable":true,"href":"https:\/\/catolicanet.net\/wp-cnet\/wp-json\/wp\/v2\/categories?post=3304"},{"taxonomy":"post_tag","embeddable":true,"href":"https:\/\/catolicanet.net\/wp-cnet\/wp-json\/wp\/v2\/tags?post=3304"}],"curies":[{"name":"wp","href":"https:\/\/api.w.org\/{rel}","templated":true}]}}