{"id":33023,"date":"2017-07-14T14:26:33","date_gmt":"2017-07-14T17:26:33","guid":{"rendered":"http:\/\/catolicanet.net\/wp-cnet\/?p=33023"},"modified":"2017-07-17T13:22:45","modified_gmt":"2017-07-17T16:22:45","slug":"cenaculo-mariano-reune-milhares-de-fieis-na-praia-de-icarai-em-niteroi-rj","status":"publish","type":"post","link":"https:\/\/catolicanet.net\/wp-cnet\/cenaculo-mariano-reune-milhares-de-fieis-na-praia-de-icarai-em-niteroi-rj\/","title":{"rendered":"Cen\u00e1culo Mariano re\u00fane milhares de fieis na Praia de Icara\u00ed em Niter\u00f3i RJ"},"content":{"rendered":"<p style=\"text-align: justify;\">No ultimo s\u00e1bado de maio no dia 27\/05, houve em Niter\u00f3i no Rio de Janeiro, na praia de Icara\u00ed, o Cen\u00e1culo Mariano, pelo encerramento do m\u00eas de maio, m\u00eas Mariano, pelos 100 anos das Apari\u00e7\u00f5es em F\u00e1tima e os 300 anos de Nossa Senhora Aparecida, promovido pelo Movimento Sacerdotal Mariano da Arquidiocese de Niter\u00f3i. Compareceram milhares de fi\u00e9is, que juntos rezavam pedindo \u00e0 intercess\u00e3o da Virgem Maria pedindo: pelas Fam\u00edlias, pela Paz, pela Igreja no Brasil e no Mundo e de modo particular pela situa\u00e7\u00e3o econ\u00f4mica e politica do nosso pa\u00eds.<\/p>\n<p style=\"text-align: justify;\">Durante o Cen\u00e1culo Mariano houve a Ora\u00e7\u00e3o do Santo Ter\u00e7o, Ora\u00e7\u00e3o pelo Papa, a leitura da medita\u00e7\u00e3o do livro do fundador do movimento sacerdotal mariano o Padre Italiano Stefano G<img decoding=\"async\" class=\"alignright\" src=\"http:\/\/www.catolicanet.com.br\/images\/stories\/noticias2017\/img-20170529-wa0010.jpg\" \/>obbi,\u00a0a Consagra\u00e7\u00e3o ao Imaculado Cora\u00e7\u00e3o da Virgem Maria, Coroa\u00e7\u00e3o da Imagem\u00a0de Nossa Senhora de F\u00e1tima e no final teve um Ter\u00e7o Infl\u00e1vel solto aos ares da Praia de Icara\u00ed. Esteve presente, \u00a0o Padre Marcelo Jos\u00e9, assistente eclesi\u00e1stico do Movimento Sacerdotal Mariano, que ao final deu a ben\u00e7\u00e3o sacerdotal aos presentes.<\/p>\n<p style=\"text-align: justify;\">\n<p style=\"text-align: justify;\">Fonte: Assessoria de Imprensa do Mov. Sacerdotal Mariano\/ Niter\u00f3i<\/p>\n","protected":false},"excerpt":{"rendered":"<p>No ultimo s\u00e1bado de maio no dia 27\/05, houve em Niter\u00f3i no Rio de Janeiro, na praia de Icara\u00ed, o Cen\u00e1culo Mariano, pelo encerramento do m\u00eas de maio, m\u00eas Mariano, pelos 100 anos das Apari\u00e7\u00f5es em F\u00e1tima e os 300 anos de Nossa Senhora Aparecida, promovido pelo Movimento Sacerdotal Mariano da Arquidiocese de Niter\u00f3i. Compareceram [&hellip;]<\/p>\n","protected":false},"author":1,"featured_media":33024,"comment_status":"open","ping_status":"closed","sticky":false,"template":"","format":"standard","meta":{"footnotes":""},"categories":[4],"tags":[],"class_list":["post-33023","post","type-post","status-publish","format-standard","has-post-thumbnail","hentry","category-cotidiano"],"_links":{"self":[{"href":"https:\/\/catolicanet.net\/wp-cnet\/wp-json\/wp\/v2\/posts\/33023","targetHints":{"allow":["GET"]}}],"collection":[{"href":"https:\/\/catolicanet.net\/wp-cnet\/wp-json\/wp\/v2\/posts"}],"about":[{"href":"https:\/\/catolicanet.net\/wp-cnet\/wp-json\/wp\/v2\/types\/post"}],"author":[{"embeddable":true,"href":"https:\/\/catolicanet.net\/wp-cnet\/wp-json\/wp\/v2\/users\/1"}],"replies":[{"embeddable":true,"href":"https:\/\/catolicanet.net\/wp-cnet\/wp-json\/wp\/v2\/comments?post=33023"}],"version-history":[{"count":1,"href":"https:\/\/catolicanet.net\/wp-cnet\/wp-json\/wp\/v2\/posts\/33023\/revisions"}],"predecessor-version":[{"id":33025,"href":"https:\/\/catolicanet.net\/wp-cnet\/wp-json\/wp\/v2\/posts\/33023\/revisions\/33025"}],"wp:featuredmedia":[{"embeddable":true,"href":"https:\/\/catolicanet.net\/wp-cnet\/wp-json\/wp\/v2\/media\/33024"}],"wp:attachment":[{"href":"https:\/\/catolicanet.net\/wp-cnet\/wp-json\/wp\/v2\/media?parent=33023"}],"wp:term":[{"taxonomy":"category","embeddable":true,"href":"https:\/\/catolicanet.net\/wp-cnet\/wp-json\/wp\/v2\/categories?post=33023"},{"taxonomy":"post_tag","embeddable":true,"href":"https:\/\/catolicanet.net\/wp-cnet\/wp-json\/wp\/v2\/tags?post=33023"}],"curies":[{"name":"wp","href":"https:\/\/api.w.org\/{rel}","templated":true}]}}