{"id":33020,"date":"2017-07-14T10:46:26","date_gmt":"2017-07-14T13:46:26","guid":{"rendered":"http:\/\/catolicanet.net\/wp-cnet\/?p=33020"},"modified":"2017-07-17T13:17:35","modified_gmt":"2017-07-17T16:17:35","slug":"encontro-regional-da-pastoral-da-saude-2017-petropolis-educar-para-saude","status":"publish","type":"post","link":"https:\/\/catolicanet.net\/wp-cnet\/encontro-regional-da-pastoral-da-saude-2017-petropolis-educar-para-saude\/","title":{"rendered":"Encontro regional da pastoral da sa\u00fade &#8211; 2017 Petr\u00f3polis Educar para Sa\u00fade"},"content":{"rendered":"<p style=\"text-align: justify;\">Houve no s\u00e1bado 08 de Julho na diocese de Petr\u00f3polis, o Encontro Regional da Pastoral da Sa\u00fade \u2013 Leste<\/p>\n<p style=\"text-align: justify;\">1.\u00a0 Dom Greg\u00f3rio, bispo diocesano, acolheu as (arqui)dioceses presentes no Estado do Rio de Janeiro \u2013 em m\u00e9dia 350 pessoas.\u00a0\u00a0\u00a0\u00a0 Com momentos de louvor e ora\u00e7\u00e3o, palestras, prociss\u00e3o e santa missa.<\/p>\n<p style=\"text-align: justify;\">\nO padre Rafael, vig\u00e1rio episcopal da caridade da diocese de Petr\u00f3polis, deu in\u00edcio ao encontro.\u00a0 Ele fez a leitura de Evangelho de Jo\u00e3o 19, em que Jesus entrega a sua m\u00e3e ao disc\u00edpulo amado Jo\u00e3o, que representa todos os disc\u00edpulos de todos os tempos&#8230; Ou seja, todos os disc\u00edpulos de Cristo t\u00eam como presente Maria Sant\u00edssima \u2013 enfatizando o ano mariano.<\/p>\n<p style=\"text-align: justify;\">\nO bipo local fez a palestra de Maria exemplo de servi\u00e7o, que \u00e9 modelo de caridade, para todos os crist\u00e3os.\u00a0 Enfatizou que durante 30 anos, nossa Senhora preparou o seu filho no servi\u00e7o silencioso&#8230; Que muitas\u00a0 vezes,\u00a0 prestamos na pastoral da sa\u00fade.\u00a0 E Maria largou tudo, para realizar a miss\u00e3o de seu filho Jesus&#8230;<\/p>\n<p style=\"text-align: justify;\">\nA psic\u00f3loga Roberta palestrou sobre Como conseguir melhor sa\u00fade psicol\u00f3gica, para obter uma vida melhor.\u00a0 \u00c9 preciso estar com a sa\u00fade em dia.\u00a0\u00a0 E diante das dificuldades devo reagir positivamente&#8230; Com o olhar de resili\u00eancia, em que, Deus nos d\u00e1 sabedoria.\u00a0 Ela enfatizou a leitura de II Cor 13, 11-13, que diz:<\/p>\n<p style=\"text-align: justify;\">\n<img decoding=\"async\" class=\"alignright\" src=\"http:\/\/www.catolicanet.com.br\/images\/stories\/noticias2017\/img-20170710-wa0020.jpg\" align=\"right\" border=\"0\" \/>\u201cPor fim, irm\u00e3os, vivei em alegria.\u00a0 Tendei \u00e0 perfei\u00e7\u00e3o, animai-vos, tende um s\u00f3 cora\u00e7\u00e3o, vivei em paz, e o Deus de amor e paz estar\u00e1 convosco.\u00a0 Saudai-vos uns aos outros no \u00f3sculo santo.\u00a0 Todos os santos vos sa\u00fadam.\u00a0 A gra\u00e7a do Senhor Jesus Cristo, o amor de Deus e a comunh\u00e3o do Esp\u00edrito Santo estejam como todos v\u00f3s.\u201d<\/p>\n<p style=\"text-align: justify;\">\nAcentuou diante dessa alegria e perfei\u00e7\u00e3o \u2013 para fazer a promo\u00e7\u00e3o da sa\u00fade ps\u00edquica: lavar a lou\u00e7a cantando,\u00a0 arrumar a casa louvando, nos conflitos ouvir as duas partes, levar a conc\u00f3rdia e crescendo espiritualmente: orando, louvando, confessando,&#8230;<\/p>\n<p style=\"text-align: justify;\">\nDom Ant\u00f4nio Augusto, bispo referencial do Leste 1 e m\u00e9dico , falou-nos como conseguir a preven\u00e7\u00e3o das doen\u00e7as mais comuns.\u00a0 Estarmos atentos nas esta\u00e7\u00f5es do tempo frio e seco que as doen\u00e7as respirat\u00f3rias aumentam e dentre outras preven\u00e7\u00f5es&#8230;<\/p>\n<p style=\"text-align: justify;\">\nTivemos uma linda prociss\u00e3o ao Santu\u00e1rio de Nossa Senhora do Divino Amor, que deu origem depois ao Semin\u00e1rio Diocesano de Petr\u00f3polis&#8230; Foi presidida por dom Greg\u00f3rio, que durante a homilia falou sobre o servi\u00e7o a Deus e que devemos ficar longe do legalismo e tradi\u00e7\u00f5es humanas est\u00e9reis, que n\u00e3o nos leva a nada.\u00a0 N\u00e3o devemos ser vinagres, mas sim frutos para os irm\u00e3os&#8230;<\/p>\n<p style=\"text-align: justify;\">\nO encontro teve a anima\u00e7\u00e3o do L\u00e9o (diocese de Petr\u00f3polis) e o minist\u00e9rio de m\u00fasica, os Servos da Alegria, proporcionando aos agentes um momento de louvor e profunda ora\u00e7\u00e3o, equipe de intercess\u00e3o, acolhida e cozinha e\u00a0 com din\u00e2micas do padre Marcelo Jos\u00e9, assessor eclesi\u00e1stico da Pastoral da Sa\u00fade da Arquidiocese de Niter\u00f3i e Rosane Parreiras da mesma Arquidiocese.<\/p>\n<p style=\"text-align: justify;\">\n<img decoding=\"async\" class=\"alignleft\" src=\"http:\/\/www.catolicanet.com.br\/images\/stories\/noticias2017\/img-20170710-wa0022.jpg\" align=\"left\" border=\"0\" \/>Agradecendo a presen\u00e7a dos bispos: Greg\u00f3rio, Ant\u00f4nio Augusto e Tarc\u00edsio, que apareceu no finalzinho \u2013 e lembrando que ano que vem \u00e9 em Caxias o encontro regional \u2013 , os padres: Paulo Celso, Renato, Raimundo, Josinaldo, Bruno, Marcelo Jos\u00e9 e alguns di\u00e1conos; coordenadores diocesanos\u00a0 e agentes da Pastoral da Sa\u00fade.<\/p>\n<p style=\"text-align: justify;\">\n<p style=\"text-align: justify;\">\n<p style=\"text-align: justify;\">Fonte: Assessoria de Imprensa e Comunica\u00e7\u00e3o Interna da Pastoral da Sa\u00fade de Niter\u00f3i<\/p>\n","protected":false},"excerpt":{"rendered":"<p>Houve no s\u00e1bado 08 de Julho na diocese de Petr\u00f3polis, o Encontro Regional da Pastoral da Sa\u00fade \u2013 Leste 1.\u00a0 Dom Greg\u00f3rio, bispo diocesano, acolheu as (arqui)dioceses presentes no Estado do Rio de Janeiro \u2013 em m\u00e9dia 350 pessoas.\u00a0\u00a0\u00a0\u00a0 Com momentos de louvor e ora\u00e7\u00e3o, palestras, prociss\u00e3o e santa missa. O padre Rafael, vig\u00e1rio episcopal [&hellip;]<\/p>\n","protected":false},"author":1,"featured_media":33021,"comment_status":"open","ping_status":"closed","sticky":false,"template":"","format":"standard","meta":{"footnotes":""},"categories":[4],"tags":[],"class_list":["post-33020","post","type-post","status-publish","format-standard","has-post-thumbnail","hentry","category-cotidiano"],"_links":{"self":[{"href":"https:\/\/catolicanet.net\/wp-cnet\/wp-json\/wp\/v2\/posts\/33020","targetHints":{"allow":["GET"]}}],"collection":[{"href":"https:\/\/catolicanet.net\/wp-cnet\/wp-json\/wp\/v2\/posts"}],"about":[{"href":"https:\/\/catolicanet.net\/wp-cnet\/wp-json\/wp\/v2\/types\/post"}],"author":[{"embeddable":true,"href":"https:\/\/catolicanet.net\/wp-cnet\/wp-json\/wp\/v2\/users\/1"}],"replies":[{"embeddable":true,"href":"https:\/\/catolicanet.net\/wp-cnet\/wp-json\/wp\/v2\/comments?post=33020"}],"version-history":[{"count":1,"href":"https:\/\/catolicanet.net\/wp-cnet\/wp-json\/wp\/v2\/posts\/33020\/revisions"}],"predecessor-version":[{"id":33022,"href":"https:\/\/catolicanet.net\/wp-cnet\/wp-json\/wp\/v2\/posts\/33020\/revisions\/33022"}],"wp:featuredmedia":[{"embeddable":true,"href":"https:\/\/catolicanet.net\/wp-cnet\/wp-json\/wp\/v2\/media\/33021"}],"wp:attachment":[{"href":"https:\/\/catolicanet.net\/wp-cnet\/wp-json\/wp\/v2\/media?parent=33020"}],"wp:term":[{"taxonomy":"category","embeddable":true,"href":"https:\/\/catolicanet.net\/wp-cnet\/wp-json\/wp\/v2\/categories?post=33020"},{"taxonomy":"post_tag","embeddable":true,"href":"https:\/\/catolicanet.net\/wp-cnet\/wp-json\/wp\/v2\/tags?post=33020"}],"curies":[{"name":"wp","href":"https:\/\/api.w.org\/{rel}","templated":true}]}}